{"id":3857,"date":"2021-06-13T20:19:24","date_gmt":"2021-06-13T17:19:24","guid":{"rendered":"http:\/\/blog.modalife.click\/?p=3857"},"modified":"2021-06-13T20:19:24","modified_gmt":"2021-06-13T17:19:24","slug":"anfora-dugun-paketi-yatakbaza-hediye","status":"publish","type":"post","link":"https:\/\/blog.modalife.click\/?p=3857","title":{"rendered":"Anfora D\u00fc\u011f\u00fcn Paketi (Yatak+Baza Hediye)"},"content":{"rendered":"<p><img src=\"https:\/\/st3.myideasoft.com\/shop\/bo\/48\/myassets\/products\/182\/modalife-anfora-uclu-dugun-paketi.jpg?revision=1613030100\" alt=\"\" \/><\/p>\n<p align=\"center\" style=\"text-align: left;\">&nbsp;<\/p>\n<div style=\"box-sizing: border-box; color: rgb(25, 33, 49); font-family: Poppins, sans-serif; outline: none !important;\"><span style=\"box-sizing: border-box; outline: none !important; font-weight: bold;\">ANFORA M\u0130D\u0130 KOLTUK TAKIMI<\/span><\/div>\n<div style=\"box-sizing: border-box; color: rgb(25, 33, 49); font-family: Poppins, sans-serif; outline: none !important;\">\n<div style=\"box-sizing: border-box; outline: none !important;\">&#8211; Anfora Midi Koltuk tak\u0131m\u0131m\u0131z 3+3+1 \u015feklindedir.<\/div>\n<div style=\"box-sizing: border-box; outline: none !important;\">&#8211; Anfora Midi koltuk tak\u0131m\u0131nda, son y\u0131llar\u0131n moda ve trendlerin den olan bak\u0131r kaplama uygulamas\u0131n\u0131, koltuk ayaklar\u0131nda, \u00f6zel tasar\u0131m k\u0131rlent tokas\u0131n da ve kol \u00f6n k\u0131sm\u0131nda da bak\u0131r kaplama aksesuarlar kullan\u0131lm\u0131\u015ft\u0131r. Ayr\u0131ca bak\u0131r \u2019in parlak metal g\u00f6r\u00fcn\u00fcm\u00fc sayesinde, eviniz s\u0131cak, zarif ve \u015f\u0131k l\u00fcks bir mekan haline getirmesini de sa\u011flayacakt\u0131r.<\/div>\n<div style=\"box-sizing: border-box; outline: none !important;\">&#8211; Kollar\u0131nda ve s\u0131rt k\u0131sm\u0131nda uygulanan kapitone ve d\u00fc\u011fme \u00e7ektirme detaylar\u0131, \u00f6zel el i\u015f\u00e7ili\u011fi ve ince bir ustal\u0131\u011f\u0131n sayesinde olu\u015fabilmektedir. Tak\u0131mda toplamda 94 adet kuma\u015f giydirilmi\u015f d\u00fc\u011fme kullan\u0131larak, butik bir i\u015flem uygulanm\u0131\u015ft\u0131r.<\/div>\n<div style=\"box-sizing: border-box; outline: none !important;\">&#8211; S\u00fcper yumu\u015fak tu\u015feli kuma\u015flar\u0131 ve m\u00fckemmel renk kontrast ge\u00e7i\u015fleri sayesinde rahatl\u0131k ve \u015f\u0131kl\u0131\u011f\u0131 bir araya getirmesini sa\u011flam\u0131\u015ft\u0131r.<\/div>\n<div style=\"box-sizing: border-box; outline: none !important;\">&#8211; \u00d6zel tasar\u0131m bak\u0131r kaplama y\u00fcksek aya\u011f\u0131 sayesinde, \u00fcr\u00fcn\u00fc yerinden \u00e7ekmeden bulundu\u011fu zemini temizleme imkan\u0131 sunar. Ayr\u0131ca \u00fcr\u00fcn\u00fcn daha uzun s\u00fcreli kullan\u0131lmas\u0131 i\u00e7in gizli ayaklar ile a\u011f\u0131r y\u00fcke kar\u015f\u0131 desteklenmi\u015ftir.<\/div>\n<div style=\"box-sizing: border-box; outline: none !important;\">&#8211; \u00dc\u00e7l\u00fc \u00fcnitelerinde misafirlerinizi rahat\u00e7a a\u011f\u0131rlayaca\u011f\u0131n\u0131z yatak olabilme \u00f6zelli\u011fi sa\u011flar.<\/div>\n<div style=\"box-sizing: border-box; outline: none !important;\">&#8211; Oturumda 140 mm kal\u0131nl\u0131\u011f\u0131nda &#8220;HR\u201d s\u00fcnger kullan\u0131lm\u0131\u015ft\u0131r. Bu grupta yer alan s\u00fcngerler, son derece konforludurlar. Esneklikleri y\u00fcksek olmalar\u0131na ra\u011fmen, hem \u00e7ekme ve hem basma katsay\u0131s\u0131 neredeyse birbirine e\u015fittir. Di\u011fer gruptaki s\u00fcngerlere g\u00f6re daha ortopediktir ve ayn\u0131 zamanda daha dayan\u0131kl\u0131d\u0131r.<\/div>\n<div style=\"box-sizing: border-box; outline: none !important;\">&#8211; Her t\u00fcrl\u00fc ko\u015fulda mukavemetinin tam ve \u00f6mr\u00fcn\u00fcn uzun olmas\u0131 i\u00e7in iskeletin t\u00fcm destek noktalar\u0131 kontrplaktan, a\u011f\u0131rl\u0131k noktalar\u0131 ise metal kutu profil den imal edilmi\u015ftir. T\u00fcm kesim i\u015flemleri standart \u00f6l\u00e7\u00fc ve i\u015f\u00e7ili\u011fi yakalamas\u0131 ad\u0131na CNC makinalarda i\u015flem g\u00f6rmektedir.<\/div>\n<div style=\"box-sizing: border-box; outline: none !important;\">&#8211; Oturum ve s\u0131rt (yaslanma) ve k\u0131rlent b\u00f6l\u00fcm\u00fcnde 330 gr\/m2 kalitesinde \u00e7\u00f6zg\u00fcl\u00fc \u00f6rme teknolojisi ile ithal kuma\u015flar uygulanmaktad\u0131r.<\/div>\n<\/div>\n<div style=\"box-sizing: border-box; color: rgb(25, 33, 49); font-family: Poppins, sans-serif; outline: none !important;\">&nbsp;<\/div>\n<div style=\"box-sizing: border-box; color: rgb(25, 33, 49); font-family: Poppins, sans-serif; outline: none !important;\"><span style=\"box-sizing: border-box; outline: none !important; font-weight: bold;\">ANFORA YEMEK ODASI TAKIMI<\/span><\/div>\n<div style=\"box-sizing: border-box; color: rgb(25, 33, 49); font-family: Poppins, sans-serif; outline: none !important;\">\n<div style=\"box-sizing: border-box; outline: none !important;\">&#8211; Detaylarla zenginle\u015fen iddial\u0131 bir zarafet..<\/div>\n<div style=\"box-sizing: border-box; outline: none !important;\">&#8211; Anfora yemek odas\u0131 tak\u0131m\u0131m\u0131z; konsol, tv \u00fcnitesi masa ve 6 adet sandalyeden olu\u015fmaktad\u0131r.&nbsp;<\/div>\n<div style=\"box-sizing: border-box; outline: none !important;\">&#8211; Kullan\u0131lan malzemeler \u00e7izilme, s\u00fcrt\u00fcnme ve yanmaya kar\u015f\u0131 dayan\u0131kl\u0131d\u0131r.&nbsp;<\/div>\n<div style=\"box-sizing: border-box; outline: none !important;\">&#8211; Renk konfig\u00fcrasyonunda genel itibariyle AYTA\u015eI BEYAZ renk kullan\u0131lm\u0131\u015f&nbsp; olup mermer desenli EFES renk uygulamas\u0131 ile beyaz\u0131n sadeli\u011fi ve mermerin e\u015fsiz g\u00f6r\u00fcn\u00fcm\u00fc kombine edilmi\u015ftir.<\/div>\n<div style=\"box-sizing: border-box; outline: none !important;\">&#8211; Anfora yemek odas\u0131 tak\u0131m\u0131nda yava\u015flat\u0131c\u0131 sistem kullan\u0131lm\u0131\u015f olup, h\u0131zl\u0131 \u00e7arpmalar engellenerek \u00fcr\u00fcn fonksiyonelli\u011fi art\u0131r\u0131lm\u0131\u015ft\u0131r.<\/div>\n<div style=\"box-sizing: border-box; outline: none !important;\">&#8211; Konsol aynas\u0131, mod\u00fcl \u00fczerine montaj yap\u0131labilir ayn\u0131 zamanda duvara as\u0131labilir olarak tasarlanm\u0131\u015ft\u0131r.<\/div>\n<div style=\"box-sizing: border-box; outline: none !important;\">&#8211; \u00dcr\u00fcn\u00fcm\u00fczde kullan\u0131lan rose kulplar, k\u0131r\u0131lma ve paslanmaya kar\u015f\u0131 dayan\u0131kl\u0131 oldu\u011fundan dolay\u0131 uzun y\u0131llar evinizde g\u00f6n\u00fcl rahatl\u0131\u011f\u0131yla kullanabilirsiniz.<\/div>\n<div style=\"box-sizing: border-box; outline: none !important;\">&#8211; \u00dcr\u00fcn\u00fcm\u00fczde yerden y\u00fcksek ayak kullan\u0131lm\u0131\u015f olup siz de\u011ferli m\u00fc\u015fterilerimize temizlik kolayl\u0131\u011f\u0131 sa\u011flanm\u0131\u015ft\u0131r.<\/div>\n<div style=\"box-sizing: border-box; outline: none !important;\">&#8211; Geni\u015f ailelerin rahatl\u0131kla s\u0131\u011fabilece\u011fi boyutta sabit masas\u0131 mevcuttur.<\/div>\n<div style=\"box-sizing: border-box; outline: none !important;\">&#8211; Aksesuarlar dekor ama\u00e7l\u0131 kullan\u0131lm\u0131\u015f olup, fiyata dahil de\u011fildir.<\/div>\n<div style=\"box-sizing: border-box; outline: none !important;\">&#8211; 2 y\u0131l garantilidir.<\/div>\n<div style=\"box-sizing: border-box; outline: none !important;\">&#8211; Anfora yemek odas\u0131 tak\u0131m\u0131n\u0131, Anfora yatak odas\u0131 ve koltuk tak\u0131m\u0131 ile kombine ederek evinizde \u015f\u0131kl\u0131k ve b\u00fct\u00fcnl\u00fck olu\u015fturabilirsiniz.<\/div>\n<div style=\"box-sizing: border-box; outline: none !important;\">&#8211; \u00dcr\u00fcn\u00fcm\u00fcze web sitemiz \u00fczerinden yada size en yak\u0131n modalife ma\u011fazas\u0131ndan ula\u015fabilirsiniz.<\/div>\n<div style=\"box-sizing: border-box; outline: none !important;\">&nbsp;<\/div>\n<div style=\"box-sizing: border-box; outline: none !important;\"><span style=\"font-weight: bold;\">ANFORA YATAK ODASI TAKIMI<\/span><\/div>\n<div style=\"box-sizing: border-box; outline: none !important;\">\n<div>&#8211; Sadeli\u011fi l\u00fcks detaylarla bulu\u015fturan Anfora yatak odas\u0131 tak\u0131m\u0131, gard\u0131rop, \u015fifonyer, ba\u015fl\u0131k ve 2 adet komodin\u2019den olu\u015fmaktad\u0131r.<\/div>\n<div>&#8211; Kullan\u0131lan malzemeler \u00e7izilme, s\u00fcrt\u00fcnme ve yanmaya kar\u015f\u0131 dayan\u0131kl\u0131d\u0131r.&nbsp;<\/div>\n<div>&#8211; Renk konfig\u00fcrasyonunda genel itibariyle AYTA\u015eI BEYAZ renk kullan\u0131lm\u0131\u015f&nbsp; olup mermer desenli EFES renk uygulamas\u0131 ile beyaz\u0131n sadeli\u011fi ve mermerin e\u015fsiz g\u00f6r\u00fcn\u00fcm\u00fc kombine edilmi\u015ftir.<\/div>\n<div>&#8211; Gard\u0131rop i\u00e7i, ihtiya\u00e7lara uygun olarak d\u00fczenlenmi\u015f ve geni\u015f kullan\u0131m alan\u0131 olu\u015fturulmu\u015ftur.<\/div>\n<div>&#8211; \u00dcr\u00fcn\u00fcm\u00fczde kullan\u0131lan rose kulplar, k\u0131r\u0131lma ve paslanmaya kar\u015f\u0131 dayan\u0131kl\u0131 oldu\u011fundan dolay\u0131 uzun y\u0131llar evinizde g\u00f6n\u00fcl rahatl\u0131\u011f\u0131yla kullanabilirsiniz.<\/div>\n<div>&#8211; Anfora yatak odas\u0131 tak\u0131m\u0131nda yava\u015flat\u0131c\u0131 sistem kullan\u0131lm\u0131\u015f olup, h\u0131zl\u0131 \u00e7arpmalar engellenerek \u00fcr\u00fcn fonksiyonelli\u011fi art\u0131r\u0131lm\u0131\u015ft\u0131r.<\/div>\n<div>&#8211; Yerden y\u00fcksek ayak kullan\u0131lm\u0131\u015f olup, siz de\u011ferli m\u00fc\u015fterilerimize temizlik kolayl\u0131\u011f\u0131 sa\u011flanm\u0131\u015ft\u0131r.<\/div>\n<div>&#8211; Yatak Ba\u015fl\u0131\u011f\u0131 Travers, 150 lik baza, 160 l\u0131k baza ve kendinden baza sistemine uyumlu olarak tasarlanm\u0131st\u0131r.<\/div>\n<div>&#8211; Yatak odas\u0131 tak\u0131mlar\u0131m\u0131zda baza hediyemizdir.&nbsp;<\/div>\n<div>&#8211; \u00dcr\u00fcnlerimiz 2 y\u0131l garantilidir.<\/div>\n<div>&#8211; Aksesuarlar dekor ama\u00e7l\u0131 kullan\u0131lm\u0131\u015f olup, fiyata dahil de\u011fildir.<\/div>\n<div>&#8211; Anfora yatak odas\u0131 tak\u0131m\u0131n\u0131, Anfora yemek odas\u0131 ve koltuk tak\u0131m\u0131 ile kombine ederek evinizde \u015f\u0131kl\u0131k ve b\u00fct\u00fcnl\u00fck olu\u015fturabilirsiniz.<\/div>\n<div>&#8211; \u00dcr\u00fcn\u00fcm\u00fcze web sitemiz \u00fczerinden yada size en yak\u0131n modalife ma\u011fazas\u0131ndan ula\u015fabilirsiniz.<\/div>\n<div>\n\t\t\t<\/div>\n<\/div>\n<\/div>\n<table style=\"border-collapse: collapse; width: 100%; height: 90px;\">\n<tbody>\n<tr style=\"height: 18px;\">\n<td style=\"text-align: center; border-width: 1px; border-style: solid; height: 18px;\">&nbsp;<span style=\"font-weight: bold;\">Anfora D\u00fc\u011f\u00fcn Paketi<\/span><\/td>\n<td style=\"text-align: center; border-width: 1px; border-style: solid; height: 18px;\"><span style=\"font-weight: bold;\">&nbsp;Geni\u015flik<\/span><\/td>\n<td style=\"text-align: center; border-width: 1px; border-style: solid; height: 18px;\"><span style=\"font-weight: bold;\">&nbsp;Y\u00fckseklik<\/span><\/td>\n<td style=\"text-align: center; border-width: 1px; border-style: solid; height: 18px;\"><span style=\"font-weight: bold;\">&nbsp;Derinlik<\/span><\/td>\n<\/tr>\n<tr style=\"height: 18px;\">\n<td style=\"text-align: center; border-width: 1px; border-style: solid; height: 18px;\"><span style=\"font-weight: bold;\">Konsol&nbsp;<\/span><\/td>\n<td style=\"text-align: center; border-width: 1px; border-style: solid; height: 18px;\">197 cm&nbsp;<\/td>\n<td style=\"text-align: center; border-width: 1px; border-style: solid; height: 18px;\">80,5 cm<\/td>\n<td style=\"text-align: center; border-width: 1px; border-style: solid; height: 18px;\">44 cm&nbsp;<\/td>\n<\/tr>\n<tr style=\"height: 18px;\">\n<td style=\"text-align: center; border-width: 1px; border-style: solid; height: 18px;\"><span style=\"font-weight: bold;\">&nbsp;Tv Sehpas\u0131<\/span><\/td>\n<td style=\"text-align: center; border-width: 1px; border-style: solid; height: 18px;\">197 cm&nbsp;<\/td>\n<td style=\"text-align: center; border-width: 1px; border-style: solid; height: 18px;\">55 cm<\/td>\n<td style=\"text-align: center; border-width: 1px; border-style: solid; height: 18px;\">44 cm&nbsp;<\/td>\n<\/tr>\n<tr style=\"height: 18px;\">\n<td style=\"text-align: center; border-width: 1px; border-style: solid; height: 18px;\"><span style=\"font-weight: bold;\">&nbsp;Masa<\/span><\/td>\n<td style=\"text-align: center; border-width: 1px; border-style: solid; height: 18px;\">180 cm&nbsp;<\/td>\n<td style=\"text-align: center; border-width: 1px; border-style: solid; height: 18px;\">76 cm&nbsp;<\/td>\n<td style=\"text-align: center; border-width: 1px; border-style: solid; height: 18px;\">100 cm&nbsp;<\/td>\n<\/tr>\n<tr style=\"height: 18px;\">\n<td style=\"text-align: center; border-width: 1px; border-style: solid; height: 18px;\"><span style=\"font-weight: bold;\">&nbsp;Sandalye<\/span><\/td>\n<td style=\"text-align: center; border-width: 1px; border-style: solid; height: 18px;\">46 cm&nbsp;<\/td>\n<td style=\"text-align: center; border-width: 1px; border-style: solid; height: 18px;\">98 cm&nbsp;<\/td>\n<td style=\"text-align: center; border-width: 1px; border-style: solid; height: 18px;\">60 cm&nbsp;<\/td>\n<\/tr>\n<tr style=\"height: 18px;\">\n<td style=\"text-align: center; border-width: 1px; border-style: solid; height: 18px;\"><span style=\"font-weight: bold;\">&nbsp;\u00dc\u00e7l\u00fc Koltuk<\/span><\/td>\n<td style=\"text-align: center; border-width: 1px; border-style: solid; height: 18px;\">226 cm<\/td>\n<td style=\"text-align: center; border-width: 1px; border-style: solid; height: 18px;\">90 cm<\/td>\n<td style=\"text-align: center; border-width: 1px; border-style: solid; height: 18px;\">94 cm&nbsp;<\/td>\n<\/tr>\n<tr style=\"height: 18px;\">\n<td style=\"text-align: center; border-width: 1px; border-style: solid; height: 18px;\"><span style=\"font-weight: bold;\">Berjer&nbsp;<\/span><\/td>\n<td style=\"text-align: center; border-width: 1px; border-style: solid; height: 18px;\">83 cm<\/td>\n<td style=\"text-align: center; border-width: 1px; border-style: solid; height: 18px;\">96 cm<\/td>\n<td style=\"text-align: center; border-width: 1px; border-style: solid; height: 18px;\">85 cm&nbsp;<\/td>\n<\/tr>\n<tr style=\"height: 18px;\">\n<td style=\"text-align: center; border-width: 1px; border-style: solid; height: 18px;\"><span style=\"font-weight: bold;\">S\u00fcrg\u00fcl\u00fc Gard\u0131rop&nbsp;<\/span><\/td>\n<td style=\"text-align: center; border-width: 1px; border-style: solid; height: 18px;\">240 cm&nbsp;<\/td>\n<td style=\"text-align: center; border-width: 1px; border-style: solid; height: 18px;\">214 cm&nbsp;<\/td>\n<td style=\"text-align: center; border-width: 1px; border-style: solid; height: 18px;\">60 cm&nbsp;<\/td>\n<\/tr>\n<tr style=\"height: 18px;\">\n<td style=\"text-align: center; border-width: 1px; border-style: solid; height: 18px;\"><span style=\"font-weight: bold;\">&nbsp;\u015eifonyer<\/span><\/td>\n<td style=\"text-align: center; border-width: 1px; border-style: solid; height: 18px;\">108 cm<\/td>\n<td style=\"text-align: center; border-width: 1px; border-style: solid; height: 18px;\">172 cm&nbsp;<\/td>\n<td style=\"text-align: center; border-width: 1px; border-style: solid; height: 18px;\">44 cm<\/td>\n<\/tr>\n<tr style=\"height: 18px;\">\n<td style=\"text-align: center; border-width: 1px; border-style: solid; height: 18px;\"><span style=\"font-weight: bold;\">&nbsp;Komodin<\/span><\/td>\n<td style=\"text-align: center; border-width: 1px; border-style: solid; height: 18px;\">60 cm<\/td>\n<td style=\"text-align: center; border-width: 1px; border-style: solid; height: 18px;\">50 cm<\/td>\n<td style=\"text-align: center; border-width: 1px; border-style: solid; height: 18px;\">44 cm&nbsp;<\/td>\n<\/tr>\n<tr style=\"height: 18px;\">\n<td style=\"text-align: center; border-width: 1px; border-style: solid; height: 18px;\"><span style=\"font-weight: bold;\">&nbsp;Ba\u015fl\u0131k<\/span><\/td>\n<td style=\"text-align: center; border-width: 1px; border-style: solid; height: 18px;\">&#8211;&nbsp;<\/td>\n<td style=\"text-align: center; border-width: 1px; border-style: solid; height: 18px;\">&#8211;&nbsp;<\/td>\n<td style=\"text-align: center; border-width: 1px; border-style: solid; height: 18px;\">&#8211;&nbsp;<\/td>\n<\/tr>\n<\/tbody>\n<\/table>\n<div class=\"col-lg-4\">&nbsp;<\/div>\n<p><a href=\"https:\/\/www.modalife.com\/urun\/anfora-uclu-dugun-paketi\"><strong>\u00dcr\u00fcne Git<\/strong><\/a><\/p>\n","protected":false},"excerpt":{"rendered":"<p>&nbsp; ANFORA M\u0130D\u0130 KOLTUK TAKIMI &#8211; Anfora Midi Koltuk tak\u0131m\u0131m\u0131z 3+3+1 \u015feklindedir. &#8211; Anfora Midi koltuk tak\u0131m\u0131nda, son y\u0131llar\u0131n moda ve trendlerin den olan bak\u0131r kaplama uygulamas\u0131n\u0131, koltuk ayaklar\u0131nda, \u00f6zel tasar\u0131m k\u0131rlent tokas\u0131n da ve kol \u00f6n k\u0131sm\u0131nda da bak\u0131r kaplama aksesuarlar kullan\u0131lm\u0131\u015ft\u0131r. Ayr\u0131ca bak\u0131r \u2019in parlak metal g\u00f6r\u00fcn\u00fcm\u00fc sayesinde, eviniz s\u0131cak, zarif ve \u015f\u0131k [&hellip;]<\/p>\n","protected":false},"author":1,"featured_media":0,"comment_status":"closed","ping_status":"closed","sticky":false,"template":"","format":"standard","meta":[],"categories":[],"tags":[],"gutentor_comment":0,"_links":{"self":[{"href":"https:\/\/blog.modalife.click\/index.php?rest_route=\/wp\/v2\/posts\/3857"}],"collection":[{"href":"https:\/\/blog.modalife.click\/index.php?rest_route=\/wp\/v2\/posts"}],"about":[{"href":"https:\/\/blog.modalife.click\/index.php?rest_route=\/wp\/v2\/types\/post"}],"author":[{"embeddable":true,"href":"https:\/\/blog.modalife.click\/index.php?rest_route=\/wp\/v2\/users\/1"}],"replies":[{"embeddable":true,"href":"https:\/\/blog.modalife.click\/index.php?rest_route=%2Fwp%2Fv2%2Fcomments&post=3857"}],"version-history":[{"count":0,"href":"https:\/\/blog.modalife.click\/index.php?rest_route=\/wp\/v2\/posts\/3857\/revisions"}],"wp:attachment":[{"href":"https:\/\/blog.modalife.click\/index.php?rest_route=%2Fwp%2Fv2%2Fmedia&parent=3857"}],"wp:term":[{"taxonomy":"category","embeddable":true,"href":"https:\/\/blog.modalife.click\/index.php?rest_route=%2Fwp%2Fv2%2Fcategories&post=3857"},{"taxonomy":"post_tag","embeddable":true,"href":"https:\/\/blog.modalife.click\/index.php?rest_route=%2Fwp%2Fv2%2Ftags&post=3857"}],"curies":[{"name":"wp","href":"https:\/\/api.w.org\/{rel}","templated":true}]}}