{"id":3856,"date":"2021-04-18T02:41:08","date_gmt":"2021-04-17T23:41:08","guid":{"rendered":"http:\/\/blog.modalife.click\/?p=3856"},"modified":"2021-04-18T02:41:08","modified_gmt":"2021-04-17T23:41:08","slug":"anfora-yatak-odasi-takimi","status":"publish","type":"post","link":"https:\/\/blog.modalife.click\/?p=3856","title":{"rendered":"Anfora Yatak Odas\u0131 Tak\u0131m\u0131"},"content":{"rendered":"<p><img src=\"https:\/\/st3.myideasoft.com\/shop\/bo\/48\/myassets\/products\/187\/modalife-anfora-yatak-odasi-takimi.jpg?revision=1619081074\" alt=\"\" \/><\/p>\n<div>\n<p style=\"margin-bottom: 0cm; line-height: 100%; text-decoration: none\">&nbsp;<\/p>\n<div>\n<div>\n<div>&#8211; Sadeli\u011fi l\u00fcks detaylarla bulu\u015fturan Anfora yatak odas\u0131 tak\u0131m\u0131, gard\u0131rop, \u015fifonyer, ba\u015fl\u0131k ve 2 adet komodin\u2019den olu\u015fmaktad\u0131r.<\/div>\n<div>&#8211; Kullan\u0131lan malzemeler \u00e7izilme, s\u00fcrt\u00fcnme ve yanmaya kar\u015f\u0131 dayan\u0131kl\u0131d\u0131r.&nbsp;<\/div>\n<div>&#8211; Renk konfig\u00fcrasyonunda genel itibariyle AYTA\u015eI BEYAZ renk kullan\u0131lm\u0131\u015f&nbsp; olup mermer desenli EFES renk uygulamas\u0131 ile beyaz\u0131n sadeli\u011fi ve mermerin e\u015fsiz g\u00f6r\u00fcn\u00fcm\u00fc kombine edilmi\u015ftir.<\/div>\n<div>&#8211; Gard\u0131rop i\u00e7i, ihtiya\u00e7lara uygun olarak d\u00fczenlenmi\u015f ve geni\u015f kullan\u0131m alan\u0131 olu\u015fturulmu\u015ftur.<\/div>\n<div>&#8211; \u00dcr\u00fcn\u00fcm\u00fczde kullan\u0131lan rose kulplar, k\u0131r\u0131lma ve paslanmaya kar\u015f\u0131 dayan\u0131kl\u0131 oldu\u011fundan dolay\u0131 uzun y\u0131llar evinizde g\u00f6n\u00fcl rahatl\u0131\u011f\u0131yla kullanabilirsiniz.<\/div>\n<div>&#8211; Anfora yatak odas\u0131 tak\u0131m\u0131nda yava\u015flat\u0131c\u0131 sistem kullan\u0131lm\u0131\u015f olup, h\u0131zl\u0131 \u00e7arpmalar engellenerek \u00fcr\u00fcn fonksiyonelli\u011fi art\u0131r\u0131lm\u0131\u015ft\u0131r.<\/div>\n<div>&#8211; Yerden y\u00fcksek ayak kullan\u0131lm\u0131\u015f olup, siz de\u011ferli m\u00fc\u015fterilerimize temizlik kolayl\u0131\u011f\u0131 sa\u011flanm\u0131\u015ft\u0131r.<\/div>\n<div>&#8211; Yatak Ba\u015fl\u0131\u011f\u0131 Travers, 150 lik baza, 160 l\u0131k baza ve kendinden baza sistemine uyumlu olarak tasarlanm\u0131st\u0131r.<\/div>\n<div>&#8211; Yatak odas\u0131 tak\u0131mlar\u0131m\u0131zda baza hediyemizdir.&nbsp;<\/div>\n<div>&#8211; \u00dcr\u00fcnlerimiz 2 y\u0131l garantilidir.<\/div>\n<div>&#8211; Aksesuarlar dekor ama\u00e7l\u0131 kullan\u0131lm\u0131\u015f olup, fiyata dahil de\u011fildir.<\/div>\n<div>&#8211; Anfora yatak odas\u0131 tak\u0131m\u0131n\u0131, Anfora yemek odas\u0131 ve koltuk tak\u0131m\u0131 ile kombine ederek evinizde \u015f\u0131kl\u0131k ve b\u00fct\u00fcnl\u00fck olu\u015fturabilirsiniz.<\/div>\n<div>&#8211; \u00dcr\u00fcn\u00fcm\u00fcze web sitemiz \u00fczerinden yada size en yak\u0131n modalife ma\u011fazas\u0131ndan ula\u015fabilirsiniz.<\/div>\n<\/div>\n<\/div>\n<p>&nbsp;<\/p>\n<\/div>\n<div>&nbsp;<\/div>\n<div>\n<table style=\"width: 100%; height: 90px;\">\n<tbody>\n<tr style=\"height: 18px;\">\n<td style=\"text-align: center; border-style: solid; height: 18px; border-width: 1px;\">&nbsp;<span style=\"font-weight: bold;\">Anfora Yatak Odas\u0131 Tak\u0131m\u0131<\/span><\/td>\n<td style=\"text-align: center; border-style: solid; height: 18px; border-width: 1px;\"><span style=\"font-weight: bold;\">&nbsp;Geni\u015flik<\/span><\/td>\n<td style=\"text-align: center; border-style: solid; height: 18px; border-width: 1px;\"><span style=\"font-weight: bold;\">&nbsp;Y\u00fckseklik<\/span><\/td>\n<td style=\"text-align: center; border-style: solid; height: 18px; border-width: 1px;\"><span style=\"font-weight: bold;\">&nbsp;Derinlik<\/span><\/td>\n<\/tr>\n<tr style=\"height: 18px;\">\n<td style=\"text-align: center; border-style: solid; height: 18px; border-width: 1px;\"><span style=\"font-weight: bold;\">S\u00fcrg\u00fcl\u00fc Gard\u0131rop&nbsp;<\/span><\/td>\n<td style=\"text-align: center; border-style: solid; height: 18px; border-width: 1px;\">240 cm&nbsp;<\/td>\n<td style=\"text-align: center; border-style: solid; height: 18px; border-width: 1px;\">214 cm&nbsp;<\/td>\n<td style=\"text-align: center; border-style: solid; height: 18px; border-width: 1px;\">60 cm&nbsp;<\/td>\n<\/tr>\n<tr style=\"height: 18px;\">\n<td style=\"text-align: center; border-style: solid; height: 18px; border-width: 1px;\"><span style=\"font-weight: bold;\">&nbsp;\u015eifonyer<\/span><\/td>\n<td style=\"text-align: center; border-style: solid; height: 18px; border-width: 1px;\">108 cm<\/td>\n<td style=\"text-align: center; border-style: solid; height: 18px; border-width: 1px;\">172 cm&nbsp;<\/td>\n<td style=\"text-align: center; border-style: solid; height: 18px; border-width: 1px;\">44 cm<\/td>\n<\/tr>\n<tr style=\"height: 18px;\">\n<td style=\"text-align: center; border-style: solid; height: 18px; border-width: 1px;\"><span style=\"font-weight: bold;\">&nbsp;Komodin<\/span><\/td>\n<td style=\"text-align: center; border-style: solid; height: 18px; border-width: 1px;\">60 cm<\/td>\n<td style=\"text-align: center; border-style: solid; height: 18px; border-width: 1px;\">50 cm<\/td>\n<td style=\"text-align: center; border-style: solid; height: 18px; border-width: 1px;\">44 cm&nbsp;<\/td>\n<\/tr>\n<tr style=\"height: 18px;\">\n<td style=\"text-align: center; border-style: solid; height: 18px; border-width: 1px;\"><span style=\"font-weight: bold;\">&nbsp;Ba\u015fl\u0131k<\/span><\/td>\n<td style=\"text-align: center; border-style: solid; height: 18px; border-width: 1px;\">&#8211;&nbsp;<\/td>\n<td style=\"text-align: center; border-style: solid; height: 18px; border-width: 1px;\">&#8211;&nbsp;<\/td>\n<td style=\"text-align: center; border-style: solid; height: 18px; border-width: 1px;\">&#8211;&nbsp;<\/td>\n<\/tr>\n<\/tbody>\n<\/table>\n<\/div>\n<p><iframe width='560' height='315' src='https:\/\/www.youtube.com\/embed\/7hUcrY3TiBU' title='YouTube video player' frameborder='0' allow='accelerometer; autoplay; clipboard-write; encrypted-media; gyroscope; picture-in-picture' allowfullscreen><\/iframe><br \/>\n<a href=\"https:\/\/www.modalife.com\/urun\/anfora-yatak-odasi-takimi\"><strong>\u00dcr\u00fcne Git<\/strong><\/a><\/p>\n","protected":false},"excerpt":{"rendered":"<p>&nbsp; &#8211; Sadeli\u011fi l\u00fcks detaylarla bulu\u015fturan Anfora yatak odas\u0131 tak\u0131m\u0131, gard\u0131rop, \u015fifonyer, ba\u015fl\u0131k ve 2 adet komodin\u2019den olu\u015fmaktad\u0131r. &#8211; Kullan\u0131lan malzemeler \u00e7izilme, s\u00fcrt\u00fcnme ve yanmaya kar\u015f\u0131 dayan\u0131kl\u0131d\u0131r.&nbsp; &#8211; Renk konfig\u00fcrasyonunda genel itibariyle AYTA\u015eI BEYAZ renk kullan\u0131lm\u0131\u015f&nbsp; olup mermer desenli EFES renk uygulamas\u0131 ile beyaz\u0131n sadeli\u011fi ve mermerin e\u015fsiz g\u00f6r\u00fcn\u00fcm\u00fc kombine edilmi\u015ftir. &#8211; Gard\u0131rop i\u00e7i, ihtiya\u00e7lara [&hellip;]<\/p>\n","protected":false},"author":1,"featured_media":0,"comment_status":"closed","ping_status":"closed","sticky":false,"template":"","format":"standard","meta":[],"categories":[],"tags":[],"gutentor_comment":0,"_links":{"self":[{"href":"https:\/\/blog.modalife.click\/index.php?rest_route=\/wp\/v2\/posts\/3856"}],"collection":[{"href":"https:\/\/blog.modalife.click\/index.php?rest_route=\/wp\/v2\/posts"}],"about":[{"href":"https:\/\/blog.modalife.click\/index.php?rest_route=\/wp\/v2\/types\/post"}],"author":[{"embeddable":true,"href":"https:\/\/blog.modalife.click\/index.php?rest_route=\/wp\/v2\/users\/1"}],"replies":[{"embeddable":true,"href":"https:\/\/blog.modalife.click\/index.php?rest_route=%2Fwp%2Fv2%2Fcomments&post=3856"}],"version-history":[{"count":0,"href":"https:\/\/blog.modalife.click\/index.php?rest_route=\/wp\/v2\/posts\/3856\/revisions"}],"wp:attachment":[{"href":"https:\/\/blog.modalife.click\/index.php?rest_route=%2Fwp%2Fv2%2Fmedia&parent=3856"}],"wp:term":[{"taxonomy":"category","embeddable":true,"href":"https:\/\/blog.modalife.click\/index.php?rest_route=%2Fwp%2Fv2%2Fcategories&post=3856"},{"taxonomy":"post_tag","embeddable":true,"href":"https:\/\/blog.modalife.click\/index.php?rest_route=%2Fwp%2Fv2%2Ftags&post=3856"}],"curies":[{"name":"wp","href":"https:\/\/api.w.org\/{rel}","templated":true}]}}