{"id":3838,"date":"2021-07-11T04:38:30","date_gmt":"2021-07-11T01:38:30","guid":{"rendered":"http:\/\/blog.modalife.click\/?p=3838"},"modified":"2021-07-11T04:38:30","modified_gmt":"2021-07-11T01:38:30","slug":"alya-midi-koltuk-takimi-gri","status":"publish","type":"post","link":"https:\/\/blog.modalife.click\/?p=3838","title":{"rendered":"Alya Midi Koltuk Tak\u0131m\u0131 &#8211; Gri"},"content":{"rendered":"<p><img src=\"https:\/\/st2.myideasoft.com\/shop\/bo\/48\/myassets\/products\/240\/modalife-alya-midi-koltuk-takimi-yatakli-sandikli-gri.jpg?revision=1610522598\" alt=\"\" \/><\/p>\n<div>&#8211; Alya koltuk tak\u0131m\u0131 3+3+1 \u015feklindedir.<\/div>\n<div>&#8211; Alya koltuk tak\u0131m\u0131 yatakl\u0131 ve sand\u0131kl\u0131d\u0131r.<\/div>\n<div>&#8211; Alya Koltuk tak\u0131m\u0131na puf dahil de\u011fildir.<\/div>\n<div>&#8211; Alya Midi koltuk tak\u0131m\u0131, modern yal\u0131n \u00e7izgileri ve zarif tasar\u0131m\u0131 ile y a\u015fam alanlar\u0131n\u0131zda rahat ve keyifle bir vakit ge\u00e7irebilmenizi sa\u011flar.<\/div>\n<div>&#8211; \u00dc\u00e7l\u00fc ve berjer mod\u00fcl\u00fcndeki kuma\u015f ve deri kombinasyon g e\u00e7i\u015fleri, kolllar da ve puf da dikey, s\u0131rt k\u0131s\u0131m\u0131n da ise bal\u0131k s\u0131rt\u0131 kapitone detaylar\u0131 kullan\u0131larak \u00fcr\u00fcn g\u00f6rsel a\u00e7\u0131dan zengi n le\u015ftirilmi\u015ftir.<\/div>\n<div>&#8211; Kol \u00f6n k\u0131s\u0131m\u0131n da bulunan \u00f6zel tasar\u0131m siyah metal aksesuar\u0131, k\u0131rlentlerde, kollarda ve baza alt k\u0131sm\u0131nda bulunan siya h deri uygulamas\u0131 ve siyah ayak lar\u0131 ile m\u00fckemmel bir renk ge\u00e7i\u015f i sa\u011flanm\u0131\u015ft\u0131r.<\/div>\n<div>&#8211; Berjerindeki zarif yap\u0131s\u0131na ra\u011fmen, v\u00fccut \u015fekline m\u00fckemmel adapte olup rahat bir oturma ve yaslanma imkan\u0131 sa\u011flar.<\/div>\n<div>&#8211; Opsiyonel pufu sayesinde, berjer veya kanepenizin \u00f6n\u00fcne koyara k hem daha rahat bir oturum imkan\u0131 sa\u011flar, hem de misafirleriniz i\u00e7inde extradan bir oturma alan\u0131 kazand\u0131rm\u0131\u015f olursunuz.<\/div>\n<div>&#8211; \u00dc\u00e7l\u00fc \u00fcniteleri nde misafirlerinizi r ahat\u00e7a a\u011f\u0131 rla yaca\u011f\u0131n\u0131z yatak olabilme ve fazla e\u015f yalar\u0131n\u0131z\u0131 depolama imkan\u0131 sa\u011fla yan baza uygulamas\u0131 yap\u0131lm\u0131\u015ft\u0131r.<\/div>\n<div>&#8211; \u00dc\u00e7l\u00fc, berjer ve pufta kullan\u0131lan y\u00fcksek ayak sayesinde, \u00fcr\u00fcn\u00fc yerinden \u00e7ekmeden bulundu\u011fu zemini temizleme imkan\u0131 sunar. Ayr\u0131ca \u00fcr\u00fcn\u00fcn daha uzun s\u00fcreli kullan\u0131lmas\u0131 i\u00e7in gizli ayaklar ile a\u011f\u0131r y\u00fcke kar\u015f\u0131 desteklenmi\u015ftir<\/div>\n<div>&#8211; Her t\u00fcrl\u00fc ko\u015fulda mukavemetinin tam ve \u00f6mr\u00fcn\u00fcn uzun olmas\u0131 i\u00e7in iskeletin t\u00fcm destek noktalar\u0131 kontrplaktan, a\u011f\u0131rl\u0131k noktalar\u0131 ise metal kutu profilden imal edilmi\u015ftir. T\u00fcm kesim i\u015flemleri standart \u00f6l\u00e7\u00fc ve i\u015f\u00e7ili\u011fi yakalamas\u0131 ad\u0131na CNC makinalarda i\u015flem g\u00f6rmektedir.<\/div>\n<div>Kuma\u015f yap\u0131s\u0131 olarak, oturum ve s\u0131rt (yaslanma) ve k\u0131rlent b\u00f6l\u00fcm\u00fcnde 330 gr\/m2 kalitesinde \u00e7\u00f6zg\u00fcl\u00fc \u00f6rme teknolojisi ile \u00fcretilen yerli kuma\u015flar uygulanmaktad\u0131r.<\/div>\n<div><\/p>\n<table style=\"border-collapse:collapse;width:100%;\">\n<tbody>\n<tr>\n<td style=\"text-align: center; border-width: 1px; border-style: solid;\">&nbsp;<span style=\"font-weight: bold;\">Alya Midi Koltuk Tak\u0131m\u0131<\/span><\/td>\n<td style=\"text-align: center; border-width: 1px; border-style: solid;\"><span style=\"font-weight: bold;\">&nbsp;Geni\u015flik<\/span><\/td>\n<td style=\"text-align: center; border-width: 1px; border-style: solid;\"><span style=\"font-weight: bold;\">&nbsp;Y\u00fckseklik<\/span><\/td>\n<td style=\"text-align: center; border-width: 1px; border-style: solid;\"><span style=\"font-weight: bold;\">&nbsp;Derinlik<\/span><\/td>\n<\/tr>\n<tr>\n<td style=\"text-align: center; border-width: 1px; border-style: solid;\">&nbsp;\u00dc\u00e7l\u00fc Koltuk<\/td>\n<td style=\"text-align: center; border-width: 1px; border-style: solid;\">217 cm<\/td>\n<td style=\"text-align: center; border-width: 1px; border-style: solid;\">85 cm&nbsp;<\/td>\n<td style=\"text-align: center; border-width: 1px; border-style: solid;\">90 cm<\/td>\n<\/tr>\n<tr>\n<td style=\"text-align: center; border-width: 1px; border-style: solid;\">&nbsp;Berjer<\/td>\n<td style=\"text-align: center; border-width: 1px; border-style: solid;\">67 cm&nbsp;<\/td>\n<td style=\"text-align: center; border-width: 1px; border-style: solid;\">92 cm&nbsp;<\/td>\n<td style=\"text-align: center; border-width: 1px; border-style: solid;\">92 cm<\/td>\n<\/tr>\n<\/tbody>\n<\/table>\n<\/div>\n<p><a href=\"https:\/\/www.modalife.com\/urun\/alya-midi-koltuk-takimi-yatakli-sandikli-renk-secenekli\"><strong>\u00dcr\u00fcne Git<\/strong><\/a><\/p>\n","protected":false},"excerpt":{"rendered":"<p>&#8211; Alya koltuk tak\u0131m\u0131 3+3+1 \u015feklindedir. &#8211; Alya koltuk tak\u0131m\u0131 yatakl\u0131 ve sand\u0131kl\u0131d\u0131r. &#8211; Alya Koltuk tak\u0131m\u0131na puf dahil de\u011fildir. &#8211; Alya Midi koltuk tak\u0131m\u0131, modern yal\u0131n \u00e7izgileri ve zarif tasar\u0131m\u0131 ile y a\u015fam alanlar\u0131n\u0131zda rahat ve keyifle bir vakit ge\u00e7irebilmenizi sa\u011flar. &#8211; \u00dc\u00e7l\u00fc ve berjer mod\u00fcl\u00fcndeki kuma\u015f ve deri kombinasyon g e\u00e7i\u015fleri, kolllar da [&hellip;]<\/p>\n","protected":false},"author":1,"featured_media":0,"comment_status":"closed","ping_status":"closed","sticky":false,"template":"","format":"standard","meta":[],"categories":[],"tags":[],"gutentor_comment":0,"_links":{"self":[{"href":"https:\/\/blog.modalife.click\/index.php?rest_route=\/wp\/v2\/posts\/3838"}],"collection":[{"href":"https:\/\/blog.modalife.click\/index.php?rest_route=\/wp\/v2\/posts"}],"about":[{"href":"https:\/\/blog.modalife.click\/index.php?rest_route=\/wp\/v2\/types\/post"}],"author":[{"embeddable":true,"href":"https:\/\/blog.modalife.click\/index.php?rest_route=\/wp\/v2\/users\/1"}],"replies":[{"embeddable":true,"href":"https:\/\/blog.modalife.click\/index.php?rest_route=%2Fwp%2Fv2%2Fcomments&post=3838"}],"version-history":[{"count":0,"href":"https:\/\/blog.modalife.click\/index.php?rest_route=\/wp\/v2\/posts\/3838\/revisions"}],"wp:attachment":[{"href":"https:\/\/blog.modalife.click\/index.php?rest_route=%2Fwp%2Fv2%2Fmedia&parent=3838"}],"wp:term":[{"taxonomy":"category","embeddable":true,"href":"https:\/\/blog.modalife.click\/index.php?rest_route=%2Fwp%2Fv2%2Fcategories&post=3838"},{"taxonomy":"post_tag","embeddable":true,"href":"https:\/\/blog.modalife.click\/index.php?rest_route=%2Fwp%2Fv2%2Ftags&post=3838"}],"curies":[{"name":"wp","href":"https:\/\/api.w.org\/{rel}","templated":true}]}}