{"id":3815,"date":"2021-05-04T17:57:58","date_gmt":"2021-05-04T14:57:58","guid":{"rendered":"http:\/\/blog.modalife.click\/?p=3815"},"modified":"2021-05-04T17:57:58","modified_gmt":"2021-05-04T14:57:58","slug":"lara-bahce-balkon-sehpa-cok-renkli","status":"publish","type":"post","link":"https:\/\/blog.modalife.click\/?p=3815","title":{"rendered":"Lara Bah\u00e7e Balkon Sehpa &#8211; \u00c7ok Renkli"},"content":{"rendered":"<p><img src=\"https:\/\/st2.myideasoft.com\/shop\/bo\/48\/myassets\/products\/662\/modalife-lara-bahce-balkon-sehpa-cappucino.jpg?revision=1603782145\" alt=\"\" \/><\/p>\n<div>&#8211; Lara Oturma Grubu, sehpa se\u00e7ene\u011fiyle.<\/div>\n<div>&#8211; Mutfak, balkon, bah\u00e7e, salon vb. gibi i\u00e7 ve d\u0131\u015f mekanlarda kullan\u0131labilir.<\/div>\n<div>&#8211; Beyaz, cappucino, antrasit renk se\u00e7ene\u011fiyle.<\/div>\n<div>&#8211; \u00dcr\u00fcn\u00fcm\u00fcz 2 sene \u00fcretim ve i\u015f\u00e7ilik hatalar\u0131na kar\u015f\u0131 garantilidir.<\/div>\n<div>&nbsp;<\/div>\n<div>\n<table style=\"border-collapse:collapse;width:100%;\">\n<tbody>\n<tr>\n<td style=\"text-align: center; border-width: 1px; border-style: solid;\"><span style=\"font-weight: bold;\">&nbsp;Lara<\/span><\/td>\n<td style=\"text-align: center; border-width: 1px; border-style: solid;\"><span style=\"font-weight: bold;\">&nbsp;Geni\u015flik<\/span><\/td>\n<td style=\"text-align: center; border-width: 1px; border-style: solid;\"><span style=\"font-weight: bold;\">&nbsp;Y\u00fckseklik<\/span><\/td>\n<td style=\"text-align: center; border-width: 1px; border-style: solid;\"><span style=\"font-weight: bold;\">&nbsp;Derinlik<\/span><\/td>\n<\/tr>\n<tr>\n<td style=\"text-align: center; border-width: 1px; border-style: solid;\">&nbsp;Sehpa<\/td>\n<td style=\"text-align: center; border-width: 1px; border-style: solid;\">78 cm&nbsp;<\/td>\n<td style=\"text-align: center; border-width: 1px; border-style: solid;\">&nbsp;38 cm<\/td>\n<td style=\"text-align: center; border-width: 1px; border-style: solid;\">&nbsp;54 cm<\/td>\n<\/tr>\n<\/tbody>\n<\/table><\/div>\n<p><a href=\"https:\/\/www.modalife.com\/urun\/lara-bahce-balkon-sehpa-cok-renkli\"><strong>\u00dcr\u00fcne Git<\/strong><\/a><\/p>\n","protected":false},"excerpt":{"rendered":"<p>&#8211; Lara Oturma Grubu, sehpa se\u00e7ene\u011fiyle. &#8211; Mutfak, balkon, bah\u00e7e, salon vb. gibi i\u00e7 ve d\u0131\u015f mekanlarda kullan\u0131labilir. &#8211; Beyaz, cappucino, antrasit renk se\u00e7ene\u011fiyle. &#8211; \u00dcr\u00fcn\u00fcm\u00fcz 2 sene \u00fcretim ve i\u015f\u00e7ilik hatalar\u0131na kar\u015f\u0131 garantilidir. &nbsp; &nbsp;Lara &nbsp;Geni\u015flik &nbsp;Y\u00fckseklik &nbsp;Derinlik &nbsp;Sehpa 78 cm&nbsp; &nbsp;38 cm &nbsp;54 cm \u00dcr\u00fcne Git<\/p>\n","protected":false},"author":1,"featured_media":0,"comment_status":"closed","ping_status":"closed","sticky":false,"template":"","format":"standard","meta":[],"categories":[],"tags":[],"gutentor_comment":0,"_links":{"self":[{"href":"https:\/\/blog.modalife.click\/index.php?rest_route=\/wp\/v2\/posts\/3815"}],"collection":[{"href":"https:\/\/blog.modalife.click\/index.php?rest_route=\/wp\/v2\/posts"}],"about":[{"href":"https:\/\/blog.modalife.click\/index.php?rest_route=\/wp\/v2\/types\/post"}],"author":[{"embeddable":true,"href":"https:\/\/blog.modalife.click\/index.php?rest_route=\/wp\/v2\/users\/1"}],"replies":[{"embeddable":true,"href":"https:\/\/blog.modalife.click\/index.php?rest_route=%2Fwp%2Fv2%2Fcomments&post=3815"}],"version-history":[{"count":0,"href":"https:\/\/blog.modalife.click\/index.php?rest_route=\/wp\/v2\/posts\/3815\/revisions"}],"wp:attachment":[{"href":"https:\/\/blog.modalife.click\/index.php?rest_route=%2Fwp%2Fv2%2Fmedia&parent=3815"}],"wp:term":[{"taxonomy":"category","embeddable":true,"href":"https:\/\/blog.modalife.click\/index.php?rest_route=%2Fwp%2Fv2%2Fcategories&post=3815"},{"taxonomy":"post_tag","embeddable":true,"href":"https:\/\/blog.modalife.click\/index.php?rest_route=%2Fwp%2Fv2%2Ftags&post=3815"}],"curies":[{"name":"wp","href":"https:\/\/api.w.org\/{rel}","templated":true}]}}