{"id":3811,"date":"2021-05-20T11:16:12","date_gmt":"2021-05-20T08:16:12","guid":{"rendered":"http:\/\/blog.modalife.click\/?p=3811"},"modified":"2021-05-20T11:16:12","modified_gmt":"2021-05-20T08:16:12","slug":"lara-ikili-koltuk-cok-renkli","status":"publish","type":"post","link":"https:\/\/blog.modalife.click\/?p=3811","title":{"rendered":"Lara \u0130kili Koltuk &#8211; \u00c7ok Renkli"},"content":{"rendered":"<p><img src=\"https:\/\/st1.myideasoft.com\/shop\/bo\/48\/myassets\/products\/666\/lara-pvc-bahce-mob-tif-71.jpg?revision=1605687189\" alt=\"\" \/><\/p>\n<div>&#8211; Lara Oturma Grubu, ikili koltuk se\u00e7ene\u011fiyle.<\/div>\n<div>&#8211; Mutfak, balkon, bah\u00e7e, salon vb. gibi i\u00e7 ve d\u0131\u015f mekanlarda kullan\u0131labilir.<\/div>\n<div>&#8211; Beyaz, cappucino, antrasit renk se\u00e7ene\u011fiyle.<\/div>\n<div>&#8211; Minder kuma\u015f\u0131 tek renktir.<\/div>\n<div>&#8211; \u0130kili koltuk fiyat\u0131na minder dahildir.<\/div>\n<div>&#8211; \u00dcr\u00fcn\u00fcm\u00fcz 2 sene \u00fcretim ve i\u015f\u00e7ilik hatalar\u0131na kar\u015f\u0131 garantilidir.<\/div>\n<div>\n\t<\/div>\n<div>\n<table style=\"border-collapse:collapse;width:100%;\">\n<tbody>\n<tr>\n<td style=\"text-align: center; border-width: 1px; border-style: solid;\"><span style=\"font-weight: bold;\">&nbsp;Lara<\/span><\/td>\n<td style=\"text-align: center; border-width: 1px; border-style: solid;\"><span style=\"font-weight: bold;\">&nbsp;Geni\u015flik<\/span><\/td>\n<td style=\"text-align: center; border-width: 1px; border-style: solid;\"><span style=\"font-weight: bold;\">Y\u00fckseklik&nbsp;<\/span><\/td>\n<td style=\"text-align: center; border-width: 1px; border-style: solid;\"><span style=\"font-weight: bold;\">Derinlik&nbsp;<\/span><\/td>\n<\/tr>\n<tr>\n<td style=\"text-align: center; border-width: 1px; border-style: solid;\">&nbsp;\u0130kili Koltuk<\/td>\n<td style=\"text-align: center; border-width: 1px; border-style: solid;\">126 cm&nbsp;<\/td>\n<td style=\"text-align: center; border-width: 1px; border-style: solid;\">79 cm&nbsp;<\/td>\n<td style=\"text-align: center; border-width: 1px; border-style: solid;\">65 cm&nbsp;<\/td>\n<\/tr>\n<\/tbody>\n<\/table><\/div>\n<p><a href=\"https:\/\/www.modalife.com\/urun\/lara-ikili-koltuk-cok-renkli\"><strong>\u00dcr\u00fcne Git<\/strong><\/a><\/p>\n","protected":false},"excerpt":{"rendered":"<p>&#8211; Lara Oturma Grubu, ikili koltuk se\u00e7ene\u011fiyle. &#8211; Mutfak, balkon, bah\u00e7e, salon vb. gibi i\u00e7 ve d\u0131\u015f mekanlarda kullan\u0131labilir. &#8211; Beyaz, cappucino, antrasit renk se\u00e7ene\u011fiyle. &#8211; Minder kuma\u015f\u0131 tek renktir. &#8211; \u0130kili koltuk fiyat\u0131na minder dahildir. &#8211; \u00dcr\u00fcn\u00fcm\u00fcz 2 sene \u00fcretim ve i\u015f\u00e7ilik hatalar\u0131na kar\u015f\u0131 garantilidir. &nbsp;Lara &nbsp;Geni\u015flik Y\u00fckseklik&nbsp; Derinlik&nbsp; &nbsp;\u0130kili Koltuk 126 cm&nbsp; 79 [&hellip;]<\/p>\n","protected":false},"author":1,"featured_media":0,"comment_status":"closed","ping_status":"closed","sticky":false,"template":"","format":"standard","meta":[],"categories":[],"tags":[],"gutentor_comment":0,"_links":{"self":[{"href":"https:\/\/blog.modalife.click\/index.php?rest_route=\/wp\/v2\/posts\/3811"}],"collection":[{"href":"https:\/\/blog.modalife.click\/index.php?rest_route=\/wp\/v2\/posts"}],"about":[{"href":"https:\/\/blog.modalife.click\/index.php?rest_route=\/wp\/v2\/types\/post"}],"author":[{"embeddable":true,"href":"https:\/\/blog.modalife.click\/index.php?rest_route=\/wp\/v2\/users\/1"}],"replies":[{"embeddable":true,"href":"https:\/\/blog.modalife.click\/index.php?rest_route=%2Fwp%2Fv2%2Fcomments&post=3811"}],"version-history":[{"count":0,"href":"https:\/\/blog.modalife.click\/index.php?rest_route=\/wp\/v2\/posts\/3811\/revisions"}],"wp:attachment":[{"href":"https:\/\/blog.modalife.click\/index.php?rest_route=%2Fwp%2Fv2%2Fmedia&parent=3811"}],"wp:term":[{"taxonomy":"category","embeddable":true,"href":"https:\/\/blog.modalife.click\/index.php?rest_route=%2Fwp%2Fv2%2Fcategories&post=3811"},{"taxonomy":"post_tag","embeddable":true,"href":"https:\/\/blog.modalife.click\/index.php?rest_route=%2Fwp%2Fv2%2Ftags&post=3811"}],"curies":[{"name":"wp","href":"https:\/\/api.w.org\/{rel}","templated":true}]}}