{"id":3800,"date":"2021-05-22T22:43:47","date_gmt":"2021-05-22T19:43:47","guid":{"rendered":"http:\/\/blog.modalife.click\/?p=3800"},"modified":"2021-05-22T22:43:47","modified_gmt":"2021-05-22T19:43:47","slug":"lexus-yatak-odasi-takimi","status":"publish","type":"post","link":"https:\/\/blog.modalife.click\/?p=3800","title":{"rendered":"Lexus Yatak Odas\u0131 Tak\u0131m\u0131"},"content":{"rendered":"<p><img src=\"https:\/\/st2.myideasoft.com\/shop\/bo\/48\/myassets\/products\/677\/modalife-lexus-yatak-odasi-takimi.jpg?revision=1619011117\" alt=\"\" \/><\/p>\n<div>\n<div>&#8211; Lexus yatak odas\u0131, beyaz\u0131n g\u00f6z al\u0131c\u0131 g\u00fczelli\u011fi ile odan\u0131za \u015f\u0131kl\u0131k katacak.<\/div>\n<div>&#8211; Tak\u0131m\u0131m\u0131z gard\u0131rop, \u015fifonyer, ba\u015fl\u0131k ve 2 adet komodin\u2019den olu\u015fmaktad\u0131r.<\/div>\n<div>&#8211; Renk konfig\u00fcrasyonunda genel itibariyle KIRIK BEYAZ renk kullan\u0131lm\u0131\u015f&nbsp; olup TA\u015e DESENL\u0130 renk uygulamas\u0131 ile kombine edilmi\u015ftir.<\/div>\n<div>&#8211; Malzemeler kullan\u0131m a\u00e7\u0131s\u0131ndan \u00e7izilme, s\u00fcrt\u00fcnme ve yanmaya kar\u015f\u0131 dayan\u0131kl\u0131d\u0131r.<\/div>\n<div>&#8211; \u00dcr\u00fcn\u00fcm\u00fczde yerden y\u00fcksek ayak kullan\u0131lm\u0131\u015f olup siz de\u011ferli m\u00fc\u015fterilerimize temizlik kolayl\u0131\u011f\u0131 sa\u011flanm\u0131\u015ft\u0131r.<\/div>\n<div>&#8211; \u00dcnite kapaklar\u0131nda frenli sistem kullan\u0131lm\u0131\u015f olup, h\u0131zl\u0131 \u00e7arpmalar engellenerek \u00fcr\u00fcn fonksiyonelli\u011fi art\u0131r\u0131lm\u0131\u015ft\u0131r.<\/div>\n<div>&#8211; Gard\u0131rop y\u00fckseltilmi\u015f gold tabla detay\u0131 ve bronz renkli aynalar\u0131 ile \u015f\u0131k bir g\u00f6r\u00fcn\u00fcme sahiptir.<\/div>\n<div>&#8211; Kullan\u0131\u015fl\u0131 depolama alanlar\u0131na sahip gard\u0131rop \u00fcniteleri \u00fcr\u00fcne ekstra fonksiyonellik kazand\u0131rm\u0131\u015ft\u0131r.<\/div>\n<div>&#8211; Dolab\u0131n i\u00e7erisinde d\u00f6rt b\u00f6l\u00fcmden olu\u015fan ve harekete duyarl\u0131 led ayd\u0131nlatmal\u0131 ask\u0131l\u0131klar sayesinde k\u0131yafetlerinizi kolayl\u0131kla se\u00e7ebilirsiniz.<\/div>\n<div>&#8211; \u015eifonyere \u00fc\u00e7 adet geni\u015f \u00e7ekmece eklenerek siz de\u011ferli m\u00fc\u015fterilerimize ferah bir \u00fcr\u00fcn depolama alan\u0131 olu\u015fturulmu\u015ftur.<\/div>\n<div>&#8211; Yatak ba\u015fl\u0131\u011f\u0131 travers, 150 lik baza, 160 l\u0131k baza ve kendinden baza sistemine uyumlu olarak tasarlanm\u0131\u015ft\u0131r.<\/div>\n<div>&#8211; Yatak odas\u0131 tak\u0131mlar\u0131nda baza hediyemizdir.<\/div>\n<div>&#8211; \u00dcr\u00fcn\u00fcm\u00fcz 2 y\u0131l garantilidir.<\/div>\n<div>&#8211; Lexus yatak odas\u0131 tak\u0131m\u0131n\u0131, Lexus yemek odas\u0131 ve koltuk tak\u0131m\u0131 ile kombine ederek, evinizde \u015f\u0131kl\u0131k ve b\u00fct\u00fcnl\u00fck olu\u015fturabilirsiniz.<\/div>\n<div>&#8211; \u00dcr\u00fcn\u00fcm\u00fcze web sitemiz \u00fczerinden yada size en yak\u0131n modalife ma\u011fazas\u0131ndan ula\u015fabilirsiniz.<\/div>\n<div>&#8211; Aksesuarlar dekor ama\u00e7l\u0131 kullan\u0131lm\u0131\u015ft\u0131r. Fiyata dahil de\u011fildir.<\/div>\n<\/div>\n<div><\/p>\n<table style=\"border-collapse:collapse;width:100%;\">\n<tbody>\n<tr>\n<td style=\"text-align: center; border-width: 1px; border-style: solid;\"><span style=\"font-weight: bold;\">Lexus Yatak Odas\u0131 Tak\u0131m\u0131<\/span><\/td>\n<td style=\"text-align: center; border-width: 1px; border-style: solid;\"><span style=\"font-weight: bold;\">Geni\u015flik<\/span><\/td>\n<td style=\"text-align: center; border-width: 1px; border-style: solid;\"><span style=\"font-weight: bold;\">Y\u00fckseklik<\/span><\/td>\n<td style=\"text-align: center; border-width: 1px; border-style: solid;\"><span style=\"font-weight: bold;\">Derinlik<\/span><\/td>\n<\/tr>\n<tr>\n<td style=\"text-align: center; border-width: 1px; border-style: solid;\"><span style=\"font-weight: bold;\">S\u00fcrg\u00fcl\u00fc Gard\u0131rop<\/span><\/td>\n<td style=\"text-align: center; border-width: 1px; border-style: solid;\"><span style=\"text-align: center;\">233&nbsp;cm<\/span>&nbsp;<\/td>\n<td style=\"text-align: center; border-width: 1px; border-style: solid;\"><span style=\"text-align: center;\">215&nbsp;cm<\/span>&nbsp;<\/td>\n<td style=\"text-align: center; border-width: 1px; border-style: solid;\">&nbsp;<span style=\"text-align: center;\">67,5&nbsp;cm<\/span><\/td>\n<\/tr>\n<tr>\n<td style=\"text-align: center; border-width: 1px; border-style: solid;\"><strong style=\"text-align: center;\">\u015eifonyer<\/strong><\/td>\n<td style=\"text-align: center; border-width: 1px; border-style: solid;\"><span style=\"text-align: center;\">130&nbsp;cm<\/span>&nbsp;<\/td>\n<td style=\"text-align: center; border-width: 1px; border-style: solid;\">&nbsp;<span style=\"text-align: center;\">75,5&nbsp;cm<\/span><\/td>\n<td style=\"text-align: center; border-width: 1px; border-style: solid;\">&nbsp;<span style=\"text-align: center;\">49,5&nbsp;cm<\/span><\/td>\n<\/tr>\n<tr>\n<td style=\"text-align: center; border-width: 1px; border-style: solid;\"><strong style=\"text-align: center;\">Komodin<\/strong><\/td>\n<td style=\"text-align: center; border-width: 1px; border-style: solid;\">&nbsp;<span style=\"text-align: center;\">61,5&nbsp;cm<\/span><\/td>\n<td style=\"text-align: center; border-width: 1px; border-style: solid;\">&nbsp;<span style=\"text-align: center;\">50&nbsp;cm<\/span><\/td>\n<td style=\"text-align: center; border-width: 1px; border-style: solid;\"><span style=\"text-align: center;\">41&nbsp;cm<\/span>&nbsp;<\/td>\n<\/tr>\n<tr>\n<td style=\"text-align: center; border-width: 1px; border-style: solid;\"><strong style=\"text-align: center;\">Ba\u015fl\u0131k<\/strong><\/td>\n<td style=\"text-align: center; border-width: 1px; border-style: solid;\"><span style=\"text-align: center;\">220&nbsp;cm<\/span>&nbsp;<\/td>\n<td style=\"text-align: center; border-width: 1px; border-style: solid;\">&nbsp;<span style=\"text-align: center;\">120&nbsp;cm<\/span><\/td>\n<td style=\"text-align: center; border-width: 1px; border-style: solid;\"><span style=\"text-align: center;\">6&nbsp;cm<\/span>&nbsp;<\/td>\n<\/tr>\n<\/tbody>\n<\/table>\n<\/div>\n<p><center><iframe width='560' height='315' src='https:\/\/www.youtube.com\/embed\/cIctByfloeM' frameborder='0' allow='accelerometer; autoplay; clipboard-write; encrypted-media; gyroscope; picture-in-picture' allowfullscreen><\/iframe><\/center><br \/>\n<a href=\"https:\/\/www.modalife.com\/urun\/lexus-yatak-odasi-takimi\"><strong>\u00dcr\u00fcne Git<\/strong><\/a><\/p>\n","protected":false},"excerpt":{"rendered":"<p>&#8211; Lexus yatak odas\u0131, beyaz\u0131n g\u00f6z al\u0131c\u0131 g\u00fczelli\u011fi ile odan\u0131za \u015f\u0131kl\u0131k katacak. &#8211; Tak\u0131m\u0131m\u0131z gard\u0131rop, \u015fifonyer, ba\u015fl\u0131k ve 2 adet komodin\u2019den olu\u015fmaktad\u0131r. &#8211; Renk konfig\u00fcrasyonunda genel itibariyle KIRIK BEYAZ renk kullan\u0131lm\u0131\u015f&nbsp; olup TA\u015e DESENL\u0130 renk uygulamas\u0131 ile kombine edilmi\u015ftir. &#8211; Malzemeler kullan\u0131m a\u00e7\u0131s\u0131ndan \u00e7izilme, s\u00fcrt\u00fcnme ve yanmaya kar\u015f\u0131 dayan\u0131kl\u0131d\u0131r. &#8211; \u00dcr\u00fcn\u00fcm\u00fczde yerden y\u00fcksek ayak kullan\u0131lm\u0131\u015f [&hellip;]<\/p>\n","protected":false},"author":1,"featured_media":0,"comment_status":"closed","ping_status":"closed","sticky":false,"template":"","format":"standard","meta":[],"categories":[],"tags":[],"gutentor_comment":0,"_links":{"self":[{"href":"https:\/\/blog.modalife.click\/index.php?rest_route=\/wp\/v2\/posts\/3800"}],"collection":[{"href":"https:\/\/blog.modalife.click\/index.php?rest_route=\/wp\/v2\/posts"}],"about":[{"href":"https:\/\/blog.modalife.click\/index.php?rest_route=\/wp\/v2\/types\/post"}],"author":[{"embeddable":true,"href":"https:\/\/blog.modalife.click\/index.php?rest_route=\/wp\/v2\/users\/1"}],"replies":[{"embeddable":true,"href":"https:\/\/blog.modalife.click\/index.php?rest_route=%2Fwp%2Fv2%2Fcomments&post=3800"}],"version-history":[{"count":0,"href":"https:\/\/blog.modalife.click\/index.php?rest_route=\/wp\/v2\/posts\/3800\/revisions"}],"wp:attachment":[{"href":"https:\/\/blog.modalife.click\/index.php?rest_route=%2Fwp%2Fv2%2Fmedia&parent=3800"}],"wp:term":[{"taxonomy":"category","embeddable":true,"href":"https:\/\/blog.modalife.click\/index.php?rest_route=%2Fwp%2Fv2%2Fcategories&post=3800"},{"taxonomy":"post_tag","embeddable":true,"href":"https:\/\/blog.modalife.click\/index.php?rest_route=%2Fwp%2Fv2%2Ftags&post=3800"}],"curies":[{"name":"wp","href":"https:\/\/api.w.org\/{rel}","templated":true}]}}