{"id":3785,"date":"2021-04-23T11:50:38","date_gmt":"2021-04-23T08:50:38","guid":{"rendered":"http:\/\/blog.modalife.click\/?p=3785"},"modified":"2021-04-23T11:50:38","modified_gmt":"2021-04-23T08:50:38","slug":"bella-yatak-odasi-takimi","status":"publish","type":"post","link":"https:\/\/blog.modalife.click\/?p=3785","title":{"rendered":"Bella Yatak Odas\u0131 Tak\u0131m\u0131"},"content":{"rendered":"<p><img src=\"https:\/\/st3.myideasoft.com\/shop\/bo\/48\/myassets\/products\/706\/bella-yatak-odasi.jpg?revision=1625925295\" alt=\"\" \/><\/p>\n<div>\n<div>&#8211; Bella yatak odas\u0131, zarafetini \u015f\u0131k detaylarda gizleyen tasar\u0131m\u0131yla sizleri bekliyor.&nbsp;<\/div>\n<div>&#8211; Tak\u0131m\u0131m\u0131z gard\u0131rop, \u015fifonyer, ba\u015fl\u0131k ve 2 adet komodin\u2019den olu\u015fmaktad\u0131r.<\/div>\n<div>&#8211; Kullan\u0131lan malzemeler kullan\u0131m a\u00e7\u0131s\u0131ndan \u00e7izilme, s\u00fcrt\u00fcnme ve yanmaya kar\u015f\u0131 dayan\u0131kl\u0131d\u0131r.&nbsp;<\/div>\n<div>&#8211; Renk konfig\u00fcrasyonunda genel itibariyle&nbsp; PARLAK ANTRAS\u0130T renk kullan\u0131lm\u0131\u015f olup GOLD renk uygulamas\u0131 ile kombine edilmi\u015ftir.<\/div>\n<div>&#8211; Gard\u0131rop i\u00e7i, ihtiya\u00e7lara uygun olarak d\u00fczenlenmi\u015f ve geni\u015f bir kullan\u0131m alan\u0131 olu\u015fturulmu\u015ftur.<\/div>\n<div>&#8211; Kapak ve \u00e7ekmecelerde yava\u015flat\u0131c\u0131 sistem kullan\u0131lm\u0131\u015f, bu sayede h\u0131zl\u0131 \u00e7arpmalar engellenerek \u00fcr\u00fcn fonksiyonelli\u011fi art\u0131r\u0131lm\u0131\u015ft\u0131r.<\/div>\n<div>&#8211; \u00dcr\u00fcn\u00fcm\u00fczde yerden y\u00fcksek ayak kullan\u0131lm\u0131\u015f olup, siz de\u011ferli m\u00fc\u015fterilerimize temizlik kolayl\u0131\u011f\u0131 sa\u011flanm\u0131\u015ft\u0131r.<\/div>\n<div>&#8211; Yatak Ba\u015fl\u0131\u011f\u0131 Travers, 150 lik baza, 160 l\u0131k baza ve kendinden baza sistemine uyumlu olarak tasarlanm\u0131\u015ft\u0131r.<\/div>\n<div>&#8211; Ba\u015fl\u0131k kenar\u0131daki kal\u0131nla\u015ft\u0131rmal\u0131 ta\u00e7 uygulamas\u0131 \u00fcr\u00fcnle kombine edilmi\u015f ve estetik g\u00f6r\u00fcn\u00fcm kazand\u0131r\u0131lm\u0131\u015ft\u0131r.<\/div>\n<div>&#8211; Yatak odas\u0131 tak\u0131mlar\u0131m\u0131zda baza hediyemiz olup t\u00fcm \u00fcr\u00fcnlerimiz 2 y\u0131l garantilidir.<\/div>\n<div>&#8211; Bella yatak odas\u0131 tak\u0131m\u0131n\u0131, Bella yemek odas\u0131 ve koltuk tak\u0131m\u0131 ile kombine ederek evinizde \u015f\u0131kl\u0131k ve b\u00fct\u00fcnl\u00fck olu\u015fturabilirsiniz.<\/div>\n<div>&#8211; \u00dcr\u00fcn\u00fcm\u00fcze web sitemiz \u00fczerinden yada size en yak\u0131n modalife ma\u011fazalar\u0131ndan ula\u015fabilirsiniz.<\/div>\n<p>&#8211; Bella yatak odas\u0131 tak\u0131m\u0131, s\u00fcrg\u00fcl\u00fc gard\u0131rop, ba\u015fl\u0131k, \u015fifonyer ve 2 adet komodin&#8217;den olu\u015fmaktad\u0131r.<\/p><\/div>\n<div>&nbsp;<\/div>\n<div>\n<table style=\"border-collapse:collapse;width:100%;\">\n<tbody>\n<tr>\n<td style=\"text-align: center; border-width: 1px; border-style: solid;\"><span style=\"font-weight: bold;\">Bella Yatak Odas\u0131 Tak\u0131m\u0131<\/span><\/td>\n<td style=\"text-align: center; border-width: 1px; border-style: solid;\"><span style=\"font-weight: bold;\">&nbsp;Geni\u015flik<\/span><\/td>\n<td style=\"text-align: center; border-width: 1px; border-style: solid;\"><span style=\"font-weight: bold;\">&nbsp;Y\u00fckseklik<\/span><\/td>\n<td style=\"text-align: center; border-width: 1px; border-style: solid;\"><span style=\"font-weight: bold;\">&nbsp;Derinlik<\/span><\/td>\n<\/tr>\n<tr>\n<td style=\"text-align: center; border-width: 1px; border-style: solid;\"><span style=\"font-weight: bold;\">&nbsp;S\u00fcrg\u00fcl\u00fc Gard\u0131rop<\/span><\/td>\n<td style=\"text-align: center; border-width: 1px; border-style: solid;\">&nbsp;240 cm<\/td>\n<td style=\"text-align: center; border-width: 1px; border-style: solid;\">&nbsp;215<span style=\"text-align: center;\">&nbsp;cm<\/span><\/td>\n<td style=\"text-align: center; border-width: 1px; border-style: solid;\">&nbsp;66<span style=\"text-align: center;\">&nbsp;cm<\/span><\/td>\n<\/tr>\n<tr>\n<td style=\"text-align: center; border-width: 1px; border-style: solid;\"><span style=\"font-weight: bold;\">\u015eifonyer<\/span><\/td>\n<td style=\"text-align: center; border-width: 1px; border-style: solid;\">106<span style=\"text-align: center;\">&nbsp;cm<\/span><\/td>\n<td style=\"text-align: center; border-width: 1px; border-style: solid;\">&nbsp;80<span style=\"text-align: center;\">&nbsp;cm<\/span><\/td>\n<td style=\"text-align: center; border-width: 1px; border-style: solid;\">&nbsp;44,5<span style=\"text-align: center;\">&nbsp;cm<\/span><\/td>\n<\/tr>\n<tr>\n<td style=\"text-align: center; border-width: 1px; border-style: solid;\"><span style=\"font-weight: bold;\">Komodin<\/span><\/td>\n<td style=\"text-align: center; border-width: 1px; border-style: solid;\">&nbsp;58,5<span style=\"text-align: center;\">&nbsp;cm<\/span><\/td>\n<td style=\"text-align: center; border-width: 1px; border-style: solid;\">&nbsp;47<span style=\"text-align: center;\">&nbsp;cm<\/span><\/td>\n<td style=\"text-align: center; border-width: 1px; border-style: solid;\">&nbsp;44,5<span style=\"text-align: center;\">&nbsp;cm<\/span><\/td>\n<\/tr>\n<tr>\n<td style=\"text-align: center; border-width: 1px; border-style: solid;\"><span style=\"font-weight: bold;\">Ba\u015fl\u0131k<\/span><\/td>\n<td style=\"text-align: center; border-width: 1px; border-style: solid;\">&nbsp;205<span style=\"text-align: center;\">&nbsp;cm<\/span><\/td>\n<td style=\"text-align: center; border-width: 1px; border-style: solid;\">&nbsp;121<span style=\"text-align: center;\">&nbsp;cm<\/span><\/td>\n<td style=\"text-align: center; border-width: 1px; border-style: solid;\">&nbsp;220<span style=\"text-align: center;\">&nbsp;cm<\/span><\/td>\n<\/tr>\n<\/tbody>\n<\/table>\n<\/div>\n<p><iframe width='560' height='315' src='https:\/\/www.youtube.com\/embed\/8isMeHU1z88' title='YouTube video player' frameborder='0' allow='accelerometer; autoplay; clipboard-write; encrypted-media; gyroscope; picture-in-picture' allowfullscreen><\/iframe><br \/>\n<a href=\"https:\/\/www.modalife.com\/urun\/bella-yatak-odasi-takimi\"><strong>\u00dcr\u00fcne Git<\/strong><\/a><\/p>\n","protected":false},"excerpt":{"rendered":"<p>&#8211; Bella yatak odas\u0131, zarafetini \u015f\u0131k detaylarda gizleyen tasar\u0131m\u0131yla sizleri bekliyor.&nbsp; &#8211; Tak\u0131m\u0131m\u0131z gard\u0131rop, \u015fifonyer, ba\u015fl\u0131k ve 2 adet komodin\u2019den olu\u015fmaktad\u0131r. &#8211; Kullan\u0131lan malzemeler kullan\u0131m a\u00e7\u0131s\u0131ndan \u00e7izilme, s\u00fcrt\u00fcnme ve yanmaya kar\u015f\u0131 dayan\u0131kl\u0131d\u0131r.&nbsp; &#8211; Renk konfig\u00fcrasyonunda genel itibariyle&nbsp; PARLAK ANTRAS\u0130T renk kullan\u0131lm\u0131\u015f olup GOLD renk uygulamas\u0131 ile kombine edilmi\u015ftir. &#8211; Gard\u0131rop i\u00e7i, ihtiya\u00e7lara uygun olarak d\u00fczenlenmi\u015f [&hellip;]<\/p>\n","protected":false},"author":1,"featured_media":0,"comment_status":"closed","ping_status":"closed","sticky":false,"template":"","format":"standard","meta":[],"categories":[],"tags":[],"gutentor_comment":0,"_links":{"self":[{"href":"https:\/\/blog.modalife.click\/index.php?rest_route=\/wp\/v2\/posts\/3785"}],"collection":[{"href":"https:\/\/blog.modalife.click\/index.php?rest_route=\/wp\/v2\/posts"}],"about":[{"href":"https:\/\/blog.modalife.click\/index.php?rest_route=\/wp\/v2\/types\/post"}],"author":[{"embeddable":true,"href":"https:\/\/blog.modalife.click\/index.php?rest_route=\/wp\/v2\/users\/1"}],"replies":[{"embeddable":true,"href":"https:\/\/blog.modalife.click\/index.php?rest_route=%2Fwp%2Fv2%2Fcomments&post=3785"}],"version-history":[{"count":0,"href":"https:\/\/blog.modalife.click\/index.php?rest_route=\/wp\/v2\/posts\/3785\/revisions"}],"wp:attachment":[{"href":"https:\/\/blog.modalife.click\/index.php?rest_route=%2Fwp%2Fv2%2Fmedia&parent=3785"}],"wp:term":[{"taxonomy":"category","embeddable":true,"href":"https:\/\/blog.modalife.click\/index.php?rest_route=%2Fwp%2Fv2%2Fcategories&post=3785"},{"taxonomy":"post_tag","embeddable":true,"href":"https:\/\/blog.modalife.click\/index.php?rest_route=%2Fwp%2Fv2%2Ftags&post=3785"}],"curies":[{"name":"wp","href":"https:\/\/api.w.org\/{rel}","templated":true}]}}