{"id":3779,"date":"2021-04-24T08:15:31","date_gmt":"2021-04-24T05:15:31","guid":{"rendered":"http:\/\/blog.modalife.click\/?p=3779"},"modified":"2021-04-24T08:15:31","modified_gmt":"2021-04-24T05:15:31","slug":"arda-genc-odasi-takimi","status":"publish","type":"post","link":"https:\/\/blog.modalife.click\/?p=3779","title":{"rendered":"Arda Gen\u00e7 Odas\u0131 Tak\u0131m\u0131"},"content":{"rendered":"<p><img src=\"https:\/\/st1.myideasoft.com\/shop\/bo\/48\/myassets\/products\/721\/modalife-arda-genc-odasi-takimlari.jpg?revision=1615384529\" alt=\"\" \/><\/p>\n<div>&#8211; Pratik mobilyan\u0131n adresi Modalife Mobilya!<\/div>\n<div>&#8211; Evinizin tamamlay\u0131c\u0131 \u00fcr\u00fcnlerini sizler i\u00e7in haz\u0131rlad\u0131k&#8230;<\/div>\n<div>&#8211; \u00dcr\u00fcnlerimiz siz m\u00fc\u015fterilerimizin g\u00fcnl\u00fck hayat\u0131ndaki ihtiya\u00e7lar\u0131n\u0131 en \u00fcst d\u00fczeyde &#8211; kar\u015f\u0131layabilmesi i\u00e7in tasarlanm\u0131\u015ft\u0131r.<\/div>\n<div>&#8211; \u00dcr\u00fcnlerimiz kaliteden \u00f6d\u00fcn vermeden ergonomik bir \u015fekilde tasarlanm\u0131\u015ft\u0131r.<\/div>\n<div>&#8211; Modalife Mobilya, T\u00fcm T\u00fcketicileri Koruma Derne\u011fi taraf\u0131ndan &#8220;T\u00fcketicilere Tavsiye Edilen Marka&#8221; se\u00e7ilmi\u015ftir.<\/div>\n<div>&#8211; \u00dcr\u00fcnlerimizin geni\u015flik, derinlik ve y\u00fckseklik \u00f6l\u00e7\u00fclerini muadil \u00fcr\u00fcnlerle k\u0131yaslaman\u0131z\u0131 \u00f6neririz.<\/div>\n<div>&#8211; T\u00fcm \u00fcr\u00fcnlerimiz TSE Kalite Belgelerine sahiptir ve 2 y\u0131l garantilidir.<\/div>\n<div>&nbsp;<\/div>\n<div>\n<table style=\"border-collapse:collapse;width:100%;\">\n<tbody>\n<tr>\n<td style=\"text-align: center; border-width: 1px; border-style: solid;\">&nbsp;<span style=\"font-weight: bold;\">Arda Gen\u00e7 &amp; \u00c7ocuk Odas\u0131<\/span><\/td>\n<td style=\"text-align: center; border-width: 1px; border-style: solid;\"><span style=\"font-weight: bold;\">&nbsp;Geni\u015flik<\/span><\/td>\n<td style=\"text-align: center; border-width: 1px; border-style: solid;\"><span style=\"font-weight: bold;\">&nbsp;Y\u00fckseklik<\/span><\/td>\n<td style=\"text-align: center; border-width: 1px; border-style: solid;\"><span style=\"font-weight: bold;\">&nbsp;Derinlik<\/span><\/td>\n<\/tr>\n<tr>\n<td style=\"text-align: center; border-width: 1px; border-style: solid;\">&nbsp;<span style=\"font-weight: bold;\">Gard\u0131rop<\/span><\/td>\n<td style=\"text-align: center; border-width: 1px; border-style: solid;\">125 cm<\/td>\n<td style=\"text-align: center; border-width: 1px; border-style: solid;\">205,5 cm<\/td>\n<td style=\"text-align: center; border-width: 1px; border-style: solid;\">52,6 cm<\/td>\n<\/tr>\n<tr>\n<td style=\"text-align: center; border-width: 1px; border-style: solid;\">&nbsp;<span style=\"font-weight: bold;\">Karyola<\/span><\/td>\n<td style=\"text-align: center; border-width: 1px; border-style: solid;\">107 cm<\/td>\n<td style=\"text-align: center; border-width: 1px; border-style: solid;\">107 cm<\/td>\n<td style=\"text-align: center; border-width: 1px; border-style: solid;\">205,6 cm<\/td>\n<\/tr>\n<tr>\n<td style=\"text-align: center; border-width: 1px; border-style: solid;\">&nbsp;<span style=\"font-weight: bold;\">\u00c7al\u0131\u015fma Masas\u0131<\/span><\/td>\n<td style=\"text-align: center; border-width: 1px; border-style: solid;\">120 cm<\/td>\n<td style=\"text-align: center; border-width: 1px; border-style: solid;\">126 cm<\/td>\n<td style=\"text-align: center; border-width: 1px; border-style: solid;\">60 cm<\/td>\n<\/tr>\n<tr>\n<td style=\"text-align: center; border-width: 1px; border-style: solid;\">&nbsp;<span style=\"font-weight: bold;\">Kitapl\u0131k<\/span><\/td>\n<td style=\"text-align: center; border-width: 1px; border-style: solid;\">56 cm<\/td>\n<td style=\"text-align: center; border-width: 1px; border-style: solid;\">168,6 cm<\/td>\n<td style=\"text-align: center; border-width: 1px; border-style: solid;\">32,5 cm<\/td>\n<\/tr>\n<tr>\n<td style=\"text-align: center; border-width: 1px; border-style: solid;\">&nbsp;<span style=\"font-weight: bold;\">\u015eifonyer<\/span><\/td>\n<td style=\"text-align: center; border-width: 1px; border-style: solid;\">62,5 cm<\/td>\n<td style=\"text-align: center; border-width: 1px; border-style: solid;\">114,5 cm<\/td>\n<td style=\"text-align: center; border-width: 1px; border-style: solid;\">42,5 cm&nbsp;<\/td>\n<\/tr>\n<tr>\n<td style=\"text-align: center; border-width: 1px; border-style: solid;\">&nbsp;<span style=\"font-weight: bold;\">Komodin<\/span><\/td>\n<td style=\"text-align: center; border-width: 1px; border-style: solid;\">52,6 cm<\/td>\n<td style=\"text-align: center; border-width: 1px; border-style: solid;\">&nbsp;51,5 cm<\/td>\n<td style=\"text-align: center; border-width: 1px; border-style: solid;\">42,5 cm<\/td>\n<\/tr>\n<\/tbody>\n<\/table>\n<p>\n\t<\/div>\n<p><a href=\"https:\/\/www.modalife.com\/urun\/arda-genc-odasi-takimi\"><strong>\u00dcr\u00fcne Git<\/strong><\/a><\/p>\n","protected":false},"excerpt":{"rendered":"<p>&#8211; Pratik mobilyan\u0131n adresi Modalife Mobilya! &#8211; Evinizin tamamlay\u0131c\u0131 \u00fcr\u00fcnlerini sizler i\u00e7in haz\u0131rlad\u0131k&#8230; &#8211; \u00dcr\u00fcnlerimiz siz m\u00fc\u015fterilerimizin g\u00fcnl\u00fck hayat\u0131ndaki ihtiya\u00e7lar\u0131n\u0131 en \u00fcst d\u00fczeyde &#8211; kar\u015f\u0131layabilmesi i\u00e7in tasarlanm\u0131\u015ft\u0131r. &#8211; \u00dcr\u00fcnlerimiz kaliteden \u00f6d\u00fcn vermeden ergonomik bir \u015fekilde tasarlanm\u0131\u015ft\u0131r. &#8211; Modalife Mobilya, T\u00fcm T\u00fcketicileri Koruma Derne\u011fi taraf\u0131ndan &#8220;T\u00fcketicilere Tavsiye Edilen Marka&#8221; se\u00e7ilmi\u015ftir. &#8211; \u00dcr\u00fcnlerimizin geni\u015flik, derinlik ve y\u00fckseklik [&hellip;]<\/p>\n","protected":false},"author":1,"featured_media":0,"comment_status":"closed","ping_status":"closed","sticky":false,"template":"","format":"standard","meta":[],"categories":[],"tags":[],"gutentor_comment":0,"_links":{"self":[{"href":"https:\/\/blog.modalife.click\/index.php?rest_route=\/wp\/v2\/posts\/3779"}],"collection":[{"href":"https:\/\/blog.modalife.click\/index.php?rest_route=\/wp\/v2\/posts"}],"about":[{"href":"https:\/\/blog.modalife.click\/index.php?rest_route=\/wp\/v2\/types\/post"}],"author":[{"embeddable":true,"href":"https:\/\/blog.modalife.click\/index.php?rest_route=\/wp\/v2\/users\/1"}],"replies":[{"embeddable":true,"href":"https:\/\/blog.modalife.click\/index.php?rest_route=%2Fwp%2Fv2%2Fcomments&post=3779"}],"version-history":[{"count":0,"href":"https:\/\/blog.modalife.click\/index.php?rest_route=\/wp\/v2\/posts\/3779\/revisions"}],"wp:attachment":[{"href":"https:\/\/blog.modalife.click\/index.php?rest_route=%2Fwp%2Fv2%2Fmedia&parent=3779"}],"wp:term":[{"taxonomy":"category","embeddable":true,"href":"https:\/\/blog.modalife.click\/index.php?rest_route=%2Fwp%2Fv2%2Fcategories&post=3779"},{"taxonomy":"post_tag","embeddable":true,"href":"https:\/\/blog.modalife.click\/index.php?rest_route=%2Fwp%2Fv2%2Ftags&post=3779"}],"curies":[{"name":"wp","href":"https:\/\/api.w.org\/{rel}","templated":true}]}}