{"id":3765,"date":"2021-06-20T13:24:28","date_gmt":"2021-06-20T10:24:28","guid":{"rendered":"http:\/\/blog.modalife.click\/?p=3765"},"modified":"2021-06-20T13:24:28","modified_gmt":"2021-06-20T10:24:28","slug":"bianco-midi-koltuk-takimi-su-yesili","status":"publish","type":"post","link":"https:\/\/blog.modalife.click\/?p=3765","title":{"rendered":"Bianco Midi Koltuk Tak\u0131m\u0131 &#8211; Su Ye\u015fili"},"content":{"rendered":"<p><img src=\"https:\/\/st1.myideasoft.com\/shop\/bo\/48\/myassets\/products\/742\/modalife-bianco-midi-koltuk-takimi-yatakli-sandikli.jpg?revision=1609232866\" alt=\"\" \/><\/p>\n<div>&#8211; Bianco koltuk tak\u0131m\u0131m\u0131z sade ve modern g\u00f6r\u00fcn\u00fcm\u00fc ile m\u00fc\u015fterilerimizden gelen geri bildirimlerde dikkate al\u0131narak \u00f6zenle tasarlanm\u0131\u015ft\u0131r.<\/div>\n<div>&#8211; Kollar\u0131nda ve \u00f6n bazas\u0131nda el i\u015f\u00e7ili\u011fi ile yap\u0131lan nevr\u00fcr diki\u015f uygulamas\u0131 bulunmaktad\u0131r.<\/div>\n<div>&#8211; \u00dc\u00e7l\u00fc koltuklar\u0131n\u0131n yan k\u0131rlentlerinde \u00f6zel tasar\u0131m dijital g\u00f6bekli desen uygulamas\u0131, orta k\u0131rlentinde ise kapitone uygulamas\u0131 yap\u0131larak \u00fcr\u00fcne g\u00f6rsel a\u00e7\u0131dan zenginlik kazand\u0131r\u0131lm\u0131\u015ft\u0131r.<\/div>\n<div>&#8211; \u00dcr\u00fcn\u00fcm\u00fcz misafirlerinizi daha rahat a\u011f\u0131rlayabilmeniz ad\u0131na yatakl\u0131, e\u015fyalar\u0131n\u0131z\u0131 depolayabilmeniz ad\u0131na sand\u0131kl\u0131 olarak \u00fcretilmi\u015ftir.<\/div>\n<div>&#8211; \u00dcr\u00fcn\u00fcm\u00fczde kullan\u0131lan y\u00fcksek ayak sayesinde \u00fcr\u00fcn\u00fc yerinden \u00e7ekmeden bulundu\u011fu zemini rahat\u00e7a temizleme imkan\u0131 sunar.Ayr\u0131ca \u00fcr\u00fcn\u00fcn daha uzun s\u00fcreli kullan\u0131lmas\u0131 i\u00e7in gizli ayaklar ile a\u011f\u0131r y\u00fcke kar\u015f\u0131 desteklenmi\u015ftir.<\/div>\n<div>&#8211; Her t\u00fcrl\u00fc ko\u015fulda mukavemetinin tam ve \u00f6mr\u00fcn\u00fcn uzun olmas\u0131 i\u00e7in iskeletin a\u011f\u0131rl\u0131k noktalar\u0131 metal kutu profilden imal edilmi\u015ftir. Ayr\u0131ca t\u00fcm kesim i\u015flemleri standart \u00f6l\u00e7\u00fc ve i\u015f\u00e7ili\u011fi yakalamas\u0131 ad\u0131na CNC makinalarda i\u015flem g\u00f6rmektedir.<\/div>\n<div>&#8211; Kuma\u015f yap\u0131s\u0131 olarak, oturum ve s\u0131rt (yaslanma) ve k\u0131rlent b\u00f6l\u00fcm\u00fcnde 320 gr\/m2 kalitesinde \u00e7\u00f6zg\u00fcl\u00fc \u00f6rme teknolojisi ile \u00fcretilen yerli kuma\u015flar uygulanmaktad\u0131r.<\/div>\n<div>\n\t<\/div>\n<div><span style=\"font-weight: bold;\">Kuma\u015f Temizleme i\u015flemi i\u00e7in mutlaka a\u015fa\u011f\u0131da belirtilen temizlik \u00f6nerilerine uyunuz.<\/span><\/div>\n<div><span style=\"font-weight: bold;\">Silerek Temizleme ve Leke \u00c7\u0131kart\u0131lmas\u0131:<\/span><\/div>\n<div>\n\t<\/div>\n<div>&#8211; Lekeyi olu\u015fturan bir s\u0131v\u0131 ise; d\u00f6k\u00fclen s\u0131v\u0131y\u0131 hemen ka\u011f\u0131t havlu veya emici bir bez ile lekenin yay\u0131lmamas\u0131 i\u00e7in b\u00f6lgeyi d\u0131\u015ftan i\u00e7e do\u011fru bast\u0131rmadan temizleyiniz.<\/div>\n<div>&#8211; 1\/4 \u00f6l\u00e7ek toz sabun ve 1 lt. \u0131l\u0131k su ile haz\u0131rlanm\u0131\u015f y\u0131kama \u00e7\u00f6zeltisi haz\u0131rlay\u0131n\u0131z.<\/div>\n<div>&#8211; Mikrofiber bez ile \u00e7\u00f6zeltinin k\u00f6p\u00fc\u011f\u00fcn\u00fc alarak kuma\u015f\u0131n y\u00fczeyini veya lekeli b\u00f6lgeyi fazla kuvvet uygulamadan siliniz.<\/div>\n<div>&#8211; \u0130nat\u00e7\u0131 lekeler i\u00e7in k\u00f6p\u00fc\u011f\u00fc 15 dakika kadar lekenin \u00fczerinde bekletiniz.<\/div>\n<div>&#8211; Hafif nemli mikrofiber bez ile t\u00fcm sabun kal\u0131nt\u0131lar\u0131 giderilinceye kadar durulay\u0131n\u0131z.<\/div>\n<div>&#8211; A\u00e7\u0131k \u015fekilde kurumaya b\u0131rak\u0131n\u0131z. Kurutmak i\u00e7in kesinlikle sa\u00e7 kurutma makinesi veya ba\u015fka bir \u0131s\u0131t\u0131c\u0131 kullanmay\u0131n\u0131z.<\/div>\n<div>\n\t<\/div>\n<div><span style=\"font-weight: bold;\">Makinede Y\u0131kama<\/span><\/div>\n<div>30 C\u00ba de a\u011fart\u0131c\u0131 i\u00e7ermeyen deterjan ile y\u0131kay\u0131n\u0131z. (Tavsiye edilen silerek temizlemektir \u00f6nerilmez.)<\/div>\n<div>\n\t<\/div>\n<div><span style=\"font-weight: bold;\">\u00dct\u00fcleme<\/span><\/div>\n<div>Kuma\u015f\u0131n\u0131z\u0131 tersten d\u00fc\u015f\u00fck \u0131s\u0131da \u00fct\u00fcleyiniz.<\/div>\n<div><\/p>\n<table style=\"border-collapse:collapse;width:100%;\">\n<tbody>\n<tr>\n<td style=\"text-align: center; border-width: 1px; border-style: solid;\"><span style=\"font-weight: bold;\">Bianco Midi Koltuk Tak\u0131m\u0131<\/span><\/td>\n<td style=\"text-align: center; border-width: 1px; border-style: solid;\"><span style=\"font-weight: bold;\">Geni\u015flik<\/span><\/td>\n<td style=\"text-align: center; border-width: 1px; border-style: solid;\"><span style=\"font-weight: bold;\">Y\u00fckseklik<\/span><\/td>\n<td style=\"text-align: center; border-width: 1px; border-style: solid;\"><span style=\"font-weight: bold;\">Derinlik&nbsp;<\/span><\/td>\n<\/tr>\n<tr>\n<td style=\"text-align: center; border-width: 1px; border-style: solid;\">\u00dc\u00e7l\u00fc Koltuk<\/td>\n<td style=\"text-align: center; border-width: 1px; border-style: solid;\">&nbsp;232 cm<\/td>\n<td style=\"text-align: center; border-width: 1px; border-style: solid;\">90 cm&nbsp;<\/td>\n<td style=\"text-align: center; border-width: 1px; border-style: solid;\">90 cm<\/td>\n<\/tr>\n<tr>\n<td style=\"text-align: center; border-width: 1px; border-style: solid;\">Berjer<\/td>\n<td style=\"text-align: center; border-width: 1px; border-style: solid;\">80 cm&nbsp;<\/td>\n<td style=\"text-align: center; border-width: 1px; border-style: solid;\">87 cm<\/td>\n<td style=\"text-align: center; border-width: 1px; border-style: solid;\">90 cm<\/td>\n<\/tr>\n<\/tbody>\n<\/table>\n<\/div>\n<p><center><iframe width='560' height='315' src='https:\/\/www.youtube.com\/embed\/VcnoOIIu2C8' frameborder='0' allow='accelerometer; autoplay; clipboard-write; encrypted-media; gyroscope; picture-in-picture' allowfullscreen><\/iframe><\/center><br \/>\n<a href=\"https:\/\/www.modalife.com\/urun\/bianco-midi-koltuk-takimi-su-yesili\"><strong>\u00dcr\u00fcne Git<\/strong><\/a><\/p>\n","protected":false},"excerpt":{"rendered":"<p>&#8211; Bianco koltuk tak\u0131m\u0131m\u0131z sade ve modern g\u00f6r\u00fcn\u00fcm\u00fc ile m\u00fc\u015fterilerimizden gelen geri bildirimlerde dikkate al\u0131narak \u00f6zenle tasarlanm\u0131\u015ft\u0131r. &#8211; Kollar\u0131nda ve \u00f6n bazas\u0131nda el i\u015f\u00e7ili\u011fi ile yap\u0131lan nevr\u00fcr diki\u015f uygulamas\u0131 bulunmaktad\u0131r. &#8211; \u00dc\u00e7l\u00fc koltuklar\u0131n\u0131n yan k\u0131rlentlerinde \u00f6zel tasar\u0131m dijital g\u00f6bekli desen uygulamas\u0131, orta k\u0131rlentinde ise kapitone uygulamas\u0131 yap\u0131larak \u00fcr\u00fcne g\u00f6rsel a\u00e7\u0131dan zenginlik kazand\u0131r\u0131lm\u0131\u015ft\u0131r. &#8211; \u00dcr\u00fcn\u00fcm\u00fcz misafirlerinizi [&hellip;]<\/p>\n","protected":false},"author":1,"featured_media":0,"comment_status":"closed","ping_status":"closed","sticky":false,"template":"","format":"standard","meta":[],"categories":[],"tags":[],"gutentor_comment":0,"_links":{"self":[{"href":"https:\/\/blog.modalife.click\/index.php?rest_route=\/wp\/v2\/posts\/3765"}],"collection":[{"href":"https:\/\/blog.modalife.click\/index.php?rest_route=\/wp\/v2\/posts"}],"about":[{"href":"https:\/\/blog.modalife.click\/index.php?rest_route=\/wp\/v2\/types\/post"}],"author":[{"embeddable":true,"href":"https:\/\/blog.modalife.click\/index.php?rest_route=\/wp\/v2\/users\/1"}],"replies":[{"embeddable":true,"href":"https:\/\/blog.modalife.click\/index.php?rest_route=%2Fwp%2Fv2%2Fcomments&post=3765"}],"version-history":[{"count":0,"href":"https:\/\/blog.modalife.click\/index.php?rest_route=\/wp\/v2\/posts\/3765\/revisions"}],"wp:attachment":[{"href":"https:\/\/blog.modalife.click\/index.php?rest_route=%2Fwp%2Fv2%2Fmedia&parent=3765"}],"wp:term":[{"taxonomy":"category","embeddable":true,"href":"https:\/\/blog.modalife.click\/index.php?rest_route=%2Fwp%2Fv2%2Fcategories&post=3765"},{"taxonomy":"post_tag","embeddable":true,"href":"https:\/\/blog.modalife.click\/index.php?rest_route=%2Fwp%2Fv2%2Ftags&post=3765"}],"curies":[{"name":"wp","href":"https:\/\/api.w.org\/{rel}","templated":true}]}}