{"id":3757,"date":"2021-04-02T08:18:46","date_gmt":"2021-04-02T05:18:46","guid":{"rendered":"http:\/\/blog.modalife.click\/?p=3757"},"modified":"2021-04-02T08:18:46","modified_gmt":"2021-04-02T05:18:46","slug":"bella-salon-paketi","status":"publish","type":"post","link":"https:\/\/blog.modalife.click\/?p=3757","title":{"rendered":"Bella Salon Paketi"},"content":{"rendered":"<p><img src=\"https:\/\/st1.myideasoft.com\/shop\/bo\/48\/myassets\/products\/752\/basliksiz-12.jpg?revision=1625926964\" alt=\"\" \/><\/p>\n<div>&#8211; Salon paketlerimiz, yemek odas\u0131 ve koltuk tak\u0131m\u0131ndan olu\u015fmaktad\u0131r.<\/div>\n<div>&#8211; Bella Koltuk Tak\u0131m\u0131 3+3+1 \u015feklindedir.<\/div>\n<div>\n<div>&#8211; Zarif ve kusursuz bir tasar\u0131ma sahip olan Bella yemek odas\u0131 tak\u0131m\u0131; konsol, tv \u00fcnitesi masa ve 6 adet sandalyeden olu\u015fmaktad\u0131r.&nbsp;<\/div>\n<div>&#8211; \u00dcr\u00fcn\u00fcm\u00fczde kullan\u0131lan malzemeler kullan\u0131m a\u00e7\u0131s\u0131ndan \u00e7izilme, s\u00fcrt\u00fcnme ve yanmaya kar\u015f\u0131 dayan\u0131kl\u0131d\u0131r.&nbsp;<\/div>\n<div>&#8211; Renk konfig\u00fcrasyonunda genel itibariyle PARLAK ANTRAS\u0130T renk kullan\u0131lm\u0131\u015f olup GOLD renk uygulamas\u0131 ile kombine edilmi\u015ftir.<\/div>\n<div>&#8211; Kapaklarda yava\u015flat\u0131c\u0131 sistem kullan\u0131lm\u0131\u015f, bu sayede h\u0131zl\u0131 \u00e7arpmalar engellenerek \u00fcr\u00fcn fonksiyonelli\u011fi art\u0131r\u0131lm\u0131\u015ft\u0131r.<\/div>\n<div>&#8211; Konsol aynas\u0131, mod\u00fcl \u00fczerine montaj yap\u0131labilir ayn\u0131 zamanda duvara as\u0131labilir olarak tasarlanm\u0131\u015ft\u0131r.<\/div>\n<div>&#8211; Yemek masas\u0131\u2019n\u0131n \u00fcst tablas\u0131 tak\u0131m\u0131n yap\u0131s\u0131na uyumlu olarak oval bi\u00e7imde tasarlanm\u0131\u015ft\u0131r.<\/div>\n<div>&#8211; \u00dcr\u00fcn\u00fcm\u00fczde yerden y\u00fcksek ayak kullan\u0131lm\u0131\u015f olup siz de\u011ferli m\u00fc\u015fterilerimize temizlik kolayl\u0131\u011f\u0131 sa\u011flanm\u0131\u015ft\u0131r.<\/div>\n<div>&#8211; 2 y\u0131l garantilidir.<\/div>\n<div>&#8211; Bella yemek odas\u0131 tak\u0131m\u0131n\u0131, Bella yatak odas\u0131 ve koltuk tak\u0131m\u0131 ile kombine ederek evinizde \u015f\u0131kl\u0131k ve b\u00fct\u00fcnl\u00fck olu\u015fturabilirsiniz.<\/div>\n<div>&#8211; \u00dcr\u00fcn\u00fcm\u00fcze web sitemiz \u00fczerinden yada size en yak\u0131n modalife ma\u011fazas\u0131ndan ula\u015fabilirsiniz.<\/div>\n<\/div>\n<div>\n\t<\/div>\n<div>\n<table style=\"border-collapse:collapse;width:100%;\">\n<tbody>\n<tr>\n<td style=\"text-align: center; border-width: 1px; border-style: solid;\"><span style=\"font-weight: bold;\">&nbsp;Bella Salon Paketi<\/span><\/td>\n<td style=\"text-align: center; border-width: 1px; border-style: solid;\"><span style=\"font-weight: bold;\">Geni\u015flik&nbsp;<\/span><\/td>\n<td style=\"text-align: center; border-width: 1px; border-style: solid;\"><span style=\"font-weight: bold;\">&nbsp;Y\u00fckseklik<\/span><\/td>\n<td style=\"text-align: center; border-width: 1px; border-style: solid;\"><span style=\"font-weight: bold;\">&nbsp;Derinlik<\/span><\/td>\n<\/tr>\n<tr>\n<td style=\"text-align: center; border-width: 1px; border-style: solid;\">&nbsp;<span style=\"font-weight: bold;\">Konsol<\/span><\/td>\n<td style=\"text-align: center; border-width: 1px; border-style: solid;\">&#8211;<\/td>\n<td style=\"text-align: center; border-width: 1px; border-style: solid;\">&#8211;<\/td>\n<td style=\"text-align: center; border-width: 1px; border-style: solid;\">&#8211;<\/td>\n<\/tr>\n<tr>\n<td style=\"text-align: center; border-width: 1px; border-style: solid;\"><span style=\"font-weight: bold;\">&nbsp;Tv \u00dcnitesi<\/span><\/td>\n<td style=\"text-align: center; border-width: 1px; border-style: solid;\">&nbsp;&#8211;<\/td>\n<td style=\"text-align: center; border-width: 1px; border-style: solid;\">&#8211;<\/td>\n<td style=\"text-align: center; border-width: 1px; border-style: solid;\">&#8211;<\/td>\n<\/tr>\n<tr>\n<td style=\"text-align: center; border-width: 1px; border-style: solid;\"><span style=\"font-weight: bold;\">&nbsp;Masa<\/span><\/td>\n<td style=\"text-align: center; border-width: 1px; border-style: solid;\">&#8211;<\/td>\n<td style=\"text-align: center; border-width: 1px; border-style: solid;\">&#8211;<\/td>\n<td style=\"text-align: center; border-width: 1px; border-style: solid;\">&#8211;<\/td>\n<\/tr>\n<tr>\n<td style=\"text-align: center; border-width: 1px; border-style: solid;\"><span style=\"font-weight: bold;\">Sandalye<\/span><\/td>\n<td style=\"text-align: center; border-width: 1px; border-style: solid;\">&nbsp;&#8211;<\/td>\n<td style=\"text-align: center; border-width: 1px; border-style: solid;\">&#8211;<\/td>\n<td style=\"text-align: center; border-width: 1px; border-style: solid;\">&#8211;<\/td>\n<\/tr>\n<tr>\n<td style=\"text-align: center; border-width: 1px; border-style: solid;\"><span style=\"font-weight: bold;\">\u00dc\u00e7l\u00fc Koltuk<\/span><\/td>\n<td style=\"text-align: center; border-width: 1px; border-style: solid;\">&#8211;<\/td>\n<td style=\"text-align: center; border-width: 1px; border-style: solid;\">&#8211;<\/td>\n<td style=\"text-align: center; border-width: 1px; border-style: solid;\">&#8211;<\/td>\n<\/tr>\n<tr>\n<td style=\"text-align: center; border-width: 1px; border-style: solid;\"><span style=\"font-weight: bold;\">Berjer<\/span><\/td>\n<td style=\"text-align: center; border-width: 1px; border-style: solid;\">&#8211;<\/td>\n<td style=\"text-align: center; border-width: 1px; border-style: solid;\">&#8211;<\/td>\n<td style=\"text-align: center; border-width: 1px; border-style: solid;\">&#8211;<\/td>\n<\/tr>\n<\/tbody>\n<\/table>\n<\/div>\n<p><a href=\"https:\/\/www.modalife.com\/urun\/bella-salon-paketi\"><strong>\u00dcr\u00fcne Git<\/strong><\/a><\/p>\n","protected":false},"excerpt":{"rendered":"<p>&#8211; Salon paketlerimiz, yemek odas\u0131 ve koltuk tak\u0131m\u0131ndan olu\u015fmaktad\u0131r. &#8211; Bella Koltuk Tak\u0131m\u0131 3+3+1 \u015feklindedir. &#8211; Zarif ve kusursuz bir tasar\u0131ma sahip olan Bella yemek odas\u0131 tak\u0131m\u0131; konsol, tv \u00fcnitesi masa ve 6 adet sandalyeden olu\u015fmaktad\u0131r.&nbsp; &#8211; \u00dcr\u00fcn\u00fcm\u00fczde kullan\u0131lan malzemeler kullan\u0131m a\u00e7\u0131s\u0131ndan \u00e7izilme, s\u00fcrt\u00fcnme ve yanmaya kar\u015f\u0131 dayan\u0131kl\u0131d\u0131r.&nbsp; &#8211; Renk konfig\u00fcrasyonunda genel itibariyle PARLAK ANTRAS\u0130T [&hellip;]<\/p>\n","protected":false},"author":1,"featured_media":0,"comment_status":"closed","ping_status":"closed","sticky":false,"template":"","format":"standard","meta":[],"categories":[],"tags":[],"gutentor_comment":0,"_links":{"self":[{"href":"https:\/\/blog.modalife.click\/index.php?rest_route=\/wp\/v2\/posts\/3757"}],"collection":[{"href":"https:\/\/blog.modalife.click\/index.php?rest_route=\/wp\/v2\/posts"}],"about":[{"href":"https:\/\/blog.modalife.click\/index.php?rest_route=\/wp\/v2\/types\/post"}],"author":[{"embeddable":true,"href":"https:\/\/blog.modalife.click\/index.php?rest_route=\/wp\/v2\/users\/1"}],"replies":[{"embeddable":true,"href":"https:\/\/blog.modalife.click\/index.php?rest_route=%2Fwp%2Fv2%2Fcomments&post=3757"}],"version-history":[{"count":0,"href":"https:\/\/blog.modalife.click\/index.php?rest_route=\/wp\/v2\/posts\/3757\/revisions"}],"wp:attachment":[{"href":"https:\/\/blog.modalife.click\/index.php?rest_route=%2Fwp%2Fv2%2Fmedia&parent=3757"}],"wp:term":[{"taxonomy":"category","embeddable":true,"href":"https:\/\/blog.modalife.click\/index.php?rest_route=%2Fwp%2Fv2%2Fcategories&post=3757"},{"taxonomy":"post_tag","embeddable":true,"href":"https:\/\/blog.modalife.click\/index.php?rest_route=%2Fwp%2Fv2%2Ftags&post=3757"}],"curies":[{"name":"wp","href":"https:\/\/api.w.org\/{rel}","templated":true}]}}