{"id":3753,"date":"2021-04-04T03:39:23","date_gmt":"2021-04-04T00:39:23","guid":{"rendered":"http:\/\/blog.modalife.click\/?p=3753"},"modified":"2021-04-04T03:39:23","modified_gmt":"2021-04-04T00:39:23","slug":"belen-bahce-balkon-oturma-grubu-cok-renkli","status":"publish","type":"post","link":"https:\/\/blog.modalife.click\/?p=3753","title":{"rendered":"Belen Bah\u00e7e Balkon Oturma Grubu &#8211; \u00c7ok Renkli"},"content":{"rendered":"<p><img src=\"https:\/\/st3.myideasoft.com\/shop\/bo\/48\/myassets\/products\/753\/modalife-belen-bahce-balkon-oturma-grubu.jpg?revision=1616759751\" alt=\"\" \/><\/p>\n<div>&#8211; Belen Oturma Grubu, \u0130kili koltuk, 2 adet tekli koltuk ve sehpa&#8217;dan olu\u015fmaktad\u0131r.<\/div>\n<div>&#8211; Mutfak, balkon, bah\u00e7e, salon vb. gibi i\u00e7 ve d\u0131\u015f mekanlarda kullan\u0131labilir.<\/div>\n<div>&nbsp;<\/div>\n<div>\n<table style=\"border-collapse:collapse;width:100%;\">\n<tbody>\n<tr>\n<td style=\"text-align: center; border-width: 1px; border-style: solid;\"><span style=\"font-weight: bold;\">&nbsp;Belen Oturma Grubu<\/span><\/td>\n<td style=\"text-align: center; border-width: 1px; border-style: solid;\"><span style=\"font-weight: bold;\">&nbsp;Geni\u015flik<\/span><\/td>\n<td style=\"text-align: center; border-width: 1px; border-style: solid;\"><span style=\"font-weight: bold;\">Y\u00fckseklik&nbsp;<\/span><\/td>\n<td style=\"text-align: center; border-width: 1px; border-style: solid;\"><span style=\"font-weight: bold;\">&nbsp;Derinlik<\/span><\/td>\n<\/tr>\n<tr>\n<td style=\"text-align: center; border-width: 1px; border-style: solid;\"><span style=\"font-weight: bold;\">&nbsp;\u0130kili Koltuk<\/span><\/td>\n<td style=\"text-align: center; border-width: 1px; border-style: solid;\">126 cm<\/td>\n<td style=\"text-align: center; border-width: 1px; border-style: solid;\">79 cm<\/td>\n<td style=\"text-align: center; border-width: 1px; border-style: solid;\">65 cm<\/td>\n<\/tr>\n<tr>\n<td style=\"text-align: center; border-width: 1px; border-style: solid;\"><span style=\"font-weight: bold;\">&nbsp;Tekli Koltuk<\/span><\/td>\n<td style=\"text-align: center; border-width: 1px; border-style: solid;\">66 cm<\/td>\n<td style=\"text-align: center; border-width: 1px; border-style: solid;\">79 cm<\/td>\n<td style=\"text-align: center; border-width: 1px; border-style: solid;\">65 cm<\/td>\n<\/tr>\n<tr>\n<td style=\"text-align: center; border-width: 1px; border-style: solid;\"><span style=\"font-weight: bold;\">&nbsp;Sehpa<\/span><\/td>\n<td style=\"text-align: center; border-width: 1px; border-style: solid;\">78 cm<\/td>\n<td style=\"text-align: center; border-width: 1px; border-style: solid;\">38 cm<\/td>\n<td style=\"text-align: center; border-width: 1px; border-style: solid;\">54 cm<\/td>\n<\/tr>\n<\/tbody>\n<\/table>\n<\/div>\n<p><iframe width='560' height='315' src='https:\/\/www.youtube.com\/embed\/yWEhjz5h2Yw' title='YouTube video player' frameborder='0' allow='accelerometer; autoplay; clipboard-write; encrypted-media; gyroscope; picture-in-picture' allowfullscreen><\/iframe><br \/>\n<a href=\"https:\/\/www.modalife.com\/urun\/belen-bahce-balkon-oturma-grubu-cok-renkli\"><strong>\u00dcr\u00fcne Git<\/strong><\/a><\/p>\n","protected":false},"excerpt":{"rendered":"<p>&#8211; Belen Oturma Grubu, \u0130kili koltuk, 2 adet tekli koltuk ve sehpa&#8217;dan olu\u015fmaktad\u0131r. &#8211; Mutfak, balkon, bah\u00e7e, salon vb. gibi i\u00e7 ve d\u0131\u015f mekanlarda kullan\u0131labilir. &nbsp; &nbsp;Belen Oturma Grubu &nbsp;Geni\u015flik Y\u00fckseklik&nbsp; &nbsp;Derinlik &nbsp;\u0130kili Koltuk 126 cm 79 cm 65 cm &nbsp;Tekli Koltuk 66 cm 79 cm 65 cm &nbsp;Sehpa 78 cm 38 cm 54 cm [&hellip;]<\/p>\n","protected":false},"author":1,"featured_media":0,"comment_status":"closed","ping_status":"closed","sticky":false,"template":"","format":"standard","meta":[],"categories":[],"tags":[],"gutentor_comment":0,"_links":{"self":[{"href":"https:\/\/blog.modalife.click\/index.php?rest_route=\/wp\/v2\/posts\/3753"}],"collection":[{"href":"https:\/\/blog.modalife.click\/index.php?rest_route=\/wp\/v2\/posts"}],"about":[{"href":"https:\/\/blog.modalife.click\/index.php?rest_route=\/wp\/v2\/types\/post"}],"author":[{"embeddable":true,"href":"https:\/\/blog.modalife.click\/index.php?rest_route=\/wp\/v2\/users\/1"}],"replies":[{"embeddable":true,"href":"https:\/\/blog.modalife.click\/index.php?rest_route=%2Fwp%2Fv2%2Fcomments&post=3753"}],"version-history":[{"count":0,"href":"https:\/\/blog.modalife.click\/index.php?rest_route=\/wp\/v2\/posts\/3753\/revisions"}],"wp:attachment":[{"href":"https:\/\/blog.modalife.click\/index.php?rest_route=%2Fwp%2Fv2%2Fmedia&parent=3753"}],"wp:term":[{"taxonomy":"category","embeddable":true,"href":"https:\/\/blog.modalife.click\/index.php?rest_route=%2Fwp%2Fv2%2Fcategories&post=3753"},{"taxonomy":"post_tag","embeddable":true,"href":"https:\/\/blog.modalife.click\/index.php?rest_route=%2Fwp%2Fv2%2Ftags&post=3753"}],"curies":[{"name":"wp","href":"https:\/\/api.w.org\/{rel}","templated":true}]}}