{"id":3749,"date":"2021-04-25T21:28:33","date_gmt":"2021-04-25T18:28:33","guid":{"rendered":"http:\/\/blog.modalife.click\/?p=3749"},"modified":"2021-04-25T21:28:33","modified_gmt":"2021-04-25T18:28:33","slug":"belen-ikili-koltuk-cok-renkli","status":"publish","type":"post","link":"https:\/\/blog.modalife.click\/?p=3749","title":{"rendered":"Belen \u0130kili Koltuk &#8211; \u00c7ok Renkli"},"content":{"rendered":"<p><img src=\"https:\/\/st3.myideasoft.com\/shop\/bo\/48\/myassets\/products\/757\/belen-ikili-koltuk-mavi.jpg?revision=1609245820\" alt=\"\" \/><\/p>\n<div>&#8211; Mutfak, balkon, bah\u00e7e, salon vb. gibi i\u00e7 ve d\u0131\u015f mekanlarda kullan\u0131labilir.<\/div>\n<div>&nbsp;<\/div>\n<div>\n<table style=\"border-collapse:collapse;width:100%;\">\n<tbody>\n<tr>\n<td style=\"text-align: center; border-width: 1px; border-style: solid;\"><span style=\"font-weight: bold;\">&nbsp;Belen<\/span><\/td>\n<td style=\"text-align: center; border-width: 1px; border-style: solid;\"><span style=\"font-weight: bold;\">&nbsp;Geni\u015flik<\/span><\/td>\n<td style=\"text-align: center; border-width: 1px; border-style: solid;\"><span style=\"font-weight: bold;\">Y\u00fckseklik&nbsp;<\/span><\/td>\n<td style=\"text-align: center; border-width: 1px; border-style: solid;\"><span style=\"font-weight: bold;\">&nbsp;Derinlik<\/span><\/td>\n<\/tr>\n<tr>\n<td style=\"text-align: center; border-width: 1px; border-style: solid;\"><span style=\"font-weight: bold;\">&nbsp;\u0130kili Koltuk<\/span><\/td>\n<td style=\"text-align: center; border-width: 1px; border-style: solid;\">126 cm<\/td>\n<td style=\"text-align: center; border-width: 1px; border-style: solid;\">79 cm<\/td>\n<td style=\"text-align: center; border-width: 1px; border-style: solid;\">65 cm<\/td>\n<\/tr>\n<\/tbody>\n<\/table>\n<\/div>\n<p><a href=\"https:\/\/www.modalife.com\/urun\/belen-ikili-koltuk-cok-renkli\"><strong>\u00dcr\u00fcne Git<\/strong><\/a><\/p>\n","protected":false},"excerpt":{"rendered":"<p>&#8211; Mutfak, balkon, bah\u00e7e, salon vb. gibi i\u00e7 ve d\u0131\u015f mekanlarda kullan\u0131labilir. &nbsp; &nbsp;Belen &nbsp;Geni\u015flik Y\u00fckseklik&nbsp; &nbsp;Derinlik &nbsp;\u0130kili Koltuk 126 cm 79 cm 65 cm \u00dcr\u00fcne Git<\/p>\n","protected":false},"author":1,"featured_media":0,"comment_status":"closed","ping_status":"closed","sticky":false,"template":"","format":"standard","meta":[],"categories":[],"tags":[],"gutentor_comment":0,"_links":{"self":[{"href":"https:\/\/blog.modalife.click\/index.php?rest_route=\/wp\/v2\/posts\/3749"}],"collection":[{"href":"https:\/\/blog.modalife.click\/index.php?rest_route=\/wp\/v2\/posts"}],"about":[{"href":"https:\/\/blog.modalife.click\/index.php?rest_route=\/wp\/v2\/types\/post"}],"author":[{"embeddable":true,"href":"https:\/\/blog.modalife.click\/index.php?rest_route=\/wp\/v2\/users\/1"}],"replies":[{"embeddable":true,"href":"https:\/\/blog.modalife.click\/index.php?rest_route=%2Fwp%2Fv2%2Fcomments&post=3749"}],"version-history":[{"count":0,"href":"https:\/\/blog.modalife.click\/index.php?rest_route=\/wp\/v2\/posts\/3749\/revisions"}],"wp:attachment":[{"href":"https:\/\/blog.modalife.click\/index.php?rest_route=%2Fwp%2Fv2%2Fmedia&parent=3749"}],"wp:term":[{"taxonomy":"category","embeddable":true,"href":"https:\/\/blog.modalife.click\/index.php?rest_route=%2Fwp%2Fv2%2Fcategories&post=3749"},{"taxonomy":"post_tag","embeddable":true,"href":"https:\/\/blog.modalife.click\/index.php?rest_route=%2Fwp%2Fv2%2Ftags&post=3749"}],"curies":[{"name":"wp","href":"https:\/\/api.w.org\/{rel}","templated":true}]}}