{"id":3707,"date":"2021-05-29T20:59:52","date_gmt":"2021-05-29T17:59:52","guid":{"rendered":"http:\/\/blog.modalife.click\/?p=3707"},"modified":"2021-05-29T20:59:52","modified_gmt":"2021-05-29T17:59:52","slug":"bella-tv-sehpasi","status":"publish","type":"post","link":"https:\/\/blog.modalife.click\/?p=3707","title":{"rendered":"Bella Tv Sehpas\u0131"},"content":{"rendered":"<p><img src=\"https:\/\/st3.myideasoft.com\/shop\/bo\/48\/myassets\/products\/269\/mg-9301-mg-9301.jpg?revision=1614763191\" alt=\"\" \/><\/p>\n<div>\n<div>&#8211; \u00dcr\u00fcn\u00fcm\u00fczde kullan\u0131lan malzemeler \u00e7izilme, s\u00fcrt\u00fcnme ve yanmaya kar\u015f\u0131 dayan\u0131kl\u0131d\u0131r.&nbsp;<\/div>\n<div>&#8211; Renk konfig\u00fcrasyonunda genel itibariyle PARLAK ANTRAS\u0130T renk kullan\u0131lm\u0131\u015f olup GOLD renk uygulamas\u0131 ile kombine edilmi\u015ftir.<\/div>\n<div>&#8211; Yerden y\u00fcksek ayak kullan\u0131lm\u0131\u015f olup siz de\u011ferli m\u00fc\u015fterilerimize temizlik kolayl\u0131\u011f\u0131 sa\u011flanm\u0131\u015ft\u0131r.<\/div>\n<div>&#8211; 2 y\u0131l garantilidir.<\/div>\n<div>&#8211; Kapak mente\u015fesi ve \u00e7ekmece raylar\u0131nda yava\u015flat\u0131c\u0131 sistem kullan\u0131lm\u0131\u015f, bu sayede h\u0131zl\u0131 \u00e7arpmalar engellenerek \u00fcr\u00fcn fonksiyonelli\u011fi art\u0131r\u0131lm\u0131\u015ft\u0131r.<\/div>\n<div>&#8211; \u00dcr\u00fcn\u00fcm\u00fcze web sitemiz \u00fczerinden yada size en yak\u0131n modalife ma\u011fazas\u0131ndan ula\u015fabilirsiniz.<\/div>\n<\/div>\n<div><\/p>\n<table style=\"border-collapse:collapse;width:100%;\">\n<tbody>\n<tr>\n<td style=\"text-align: center; border-width: 1px; border-style: solid;\">\n<div><span style=\"font-weight: bold;\">Bella<\/span><\/div>\n<\/td>\n<td style=\"text-align: center; border-width: 1px; border-style: solid;\"><span style=\"font-weight: bold;\">Geni\u015flik<\/span><\/td>\n<td style=\"text-align: center; border-width: 1px; border-style: solid;\"><span style=\"font-weight: bold;\">Y\u00fckseklik<\/span><\/td>\n<td style=\"text-align: center; border-width: 1px; border-style: solid;\"><span style=\"font-weight: bold;\">Derinlik<\/span><\/td>\n<\/tr>\n<tr>\n<td style=\"text-align: center; border-width: 1px; border-style: solid;\">Tv Sehpas\u0131<\/td>\n<td style=\"text-align: center; border-width: 1px; border-style: solid;\">&#8211;<\/td>\n<td style=\"text-align: center; border-width: 1px; border-style: solid;\">&#8211;<\/td>\n<td style=\"text-align: center; border-width: 1px; border-style: solid;\">&#8211;<\/td>\n<\/tr>\n<\/tbody>\n<\/table>\n<p>\n\t<\/div>\n<p><a href=\"https:\/\/www.modalife.com\/urun\/bella-tv-sehpasi\"><strong>\u00dcr\u00fcne Git<\/strong><\/a><\/p>\n","protected":false},"excerpt":{"rendered":"<p>&#8211; \u00dcr\u00fcn\u00fcm\u00fczde kullan\u0131lan malzemeler \u00e7izilme, s\u00fcrt\u00fcnme ve yanmaya kar\u015f\u0131 dayan\u0131kl\u0131d\u0131r.&nbsp; &#8211; Renk konfig\u00fcrasyonunda genel itibariyle PARLAK ANTRAS\u0130T renk kullan\u0131lm\u0131\u015f olup GOLD renk uygulamas\u0131 ile kombine edilmi\u015ftir. &#8211; Yerden y\u00fcksek ayak kullan\u0131lm\u0131\u015f olup siz de\u011ferli m\u00fc\u015fterilerimize temizlik kolayl\u0131\u011f\u0131 sa\u011flanm\u0131\u015ft\u0131r. &#8211; 2 y\u0131l garantilidir. &#8211; Kapak mente\u015fesi ve \u00e7ekmece raylar\u0131nda yava\u015flat\u0131c\u0131 sistem kullan\u0131lm\u0131\u015f, bu sayede h\u0131zl\u0131 \u00e7arpmalar [&hellip;]<\/p>\n","protected":false},"author":1,"featured_media":0,"comment_status":"closed","ping_status":"closed","sticky":false,"template":"","format":"standard","meta":[],"categories":[],"tags":[],"gutentor_comment":0,"_links":{"self":[{"href":"https:\/\/blog.modalife.click\/index.php?rest_route=\/wp\/v2\/posts\/3707"}],"collection":[{"href":"https:\/\/blog.modalife.click\/index.php?rest_route=\/wp\/v2\/posts"}],"about":[{"href":"https:\/\/blog.modalife.click\/index.php?rest_route=\/wp\/v2\/types\/post"}],"author":[{"embeddable":true,"href":"https:\/\/blog.modalife.click\/index.php?rest_route=\/wp\/v2\/users\/1"}],"replies":[{"embeddable":true,"href":"https:\/\/blog.modalife.click\/index.php?rest_route=%2Fwp%2Fv2%2Fcomments&post=3707"}],"version-history":[{"count":0,"href":"https:\/\/blog.modalife.click\/index.php?rest_route=\/wp\/v2\/posts\/3707\/revisions"}],"wp:attachment":[{"href":"https:\/\/blog.modalife.click\/index.php?rest_route=%2Fwp%2Fv2%2Fmedia&parent=3707"}],"wp:term":[{"taxonomy":"category","embeddable":true,"href":"https:\/\/blog.modalife.click\/index.php?rest_route=%2Fwp%2Fv2%2Fcategories&post=3707"},{"taxonomy":"post_tag","embeddable":true,"href":"https:\/\/blog.modalife.click\/index.php?rest_route=%2Fwp%2Fv2%2Ftags&post=3707"}],"curies":[{"name":"wp","href":"https:\/\/api.w.org\/{rel}","templated":true}]}}