{"id":3606,"date":"2021-07-20T22:26:39","date_gmt":"2021-07-20T19:26:39","guid":{"rendered":"http:\/\/blog.modalife.click\/?p=3606"},"modified":"2021-07-20T22:26:39","modified_gmt":"2021-07-20T19:26:39","slug":"bella-midi-koltuk-takimi-mavi","status":"publish","type":"post","link":"https:\/\/blog.modalife.click\/?p=3606","title":{"rendered":"Bella Midi Koltuk Tak\u0131m\u0131 &#8211; Mavi"},"content":{"rendered":"<p><img src=\"https:\/\/st1.myideasoft.com\/shop\/bo\/48\/myassets\/products\/858\/modalife-bella-midi-koltuk-takimi-mavi.jpg?revision=1617102952\" alt=\"\" \/><\/p>\n<div>\n<div>&#8211; Modern tasar\u0131m \u00e7izgisini dinamik detaylarla bulu\u015fturan Bella koltuk tak\u0131m\u0131, \u00e7a\u011fda\u015f dekorasyon anlay\u0131\u015f\u0131n\u0131n \u015f\u0131k bir \u00f6rne\u011fini sunmaktad\u0131r.<\/div>\n<div>-Tak\u0131m\u0131m\u0131z 2 adet 3\u2019l\u00fc koltuk 1 adet berjer\u2019den olu\u015fmaktad\u0131r.&nbsp;<\/div>\n<div>&#8211; \u00dc\u00e7l\u00fc koltuklar\u0131nda, s\u0131rt k\u0131sm\u0131n\u0131n 180 derece d\u00f6nebilmesini sa\u011flayan CSS mekanizmas\u0131 kullan\u0131lm\u0131\u015ft\u0131r, mekanizman\u0131n 180 derece d\u00f6nebilmesi sayesinde ister rahat geni\u015f bir oturum isterseniz de misafirlerinizi rahat\u00e7a a\u011f\u0131rlayabilece\u011finiz yatak mod\u00fcl\u00fcne d\u00f6n\u00fc\u015febilmektedir. <\/div>\n<div>&#8211; Ayr\u0131ca s\u0131rt k\u0131sm\u0131nda bulunan mermer efektli suntalam sayesinde \u00fcr\u00fcn\u00fc bir sehpa gibi kullanabilme imkan\u0131 sa\u011flar.<\/div>\n<div>&#8211; Farkl\u0131 ultra rahat, modern \u015f\u0131k hatl\u0131 berjeri, v\u00fccut \u015fekline ve a\u011f\u0131rl\u0131\u011f\u0131na g\u00f6re \u015fekil almas\u0131na m\u00fckemmel adapte olur ve v\u00fccut k\u0131vr\u0131mlar\u0131n\u0131 destekleyerek do\u011fru omurga deste\u011fi sa\u011flar.<\/div>\n<div>&#8211; Kuma\u015f kalitesi olarak, oturum, s\u0131rt (yaslanma) ve k\u0131rlent b\u00f6l\u00fcm\u00fcnde 320 gr\/m2 kalitesinde \u00e7\u00f6zg\u00fcl\u00fc \u00f6rme teknolojisi ile ithal (Baby Face) kuma\u015flar uygulanmaktad\u0131r.<\/div>\n<div>&#8211; \u00d6zel tasar\u0131m siyah mat ve gold ge\u00e7i\u015fli y\u00fcksek aya\u011f\u0131 sayesinde, \u00fcr\u00fcn\u00fc yerinden \u00e7ekmeden bulundu\u011fu zemini temizleme imkan\u0131 sunar. Ayr\u0131ca \u00fcr\u00fcn\u00fcn daha uzun s\u00fcreli kullan\u0131lmas\u0131 i\u00e7in gizli ayaklar ile a\u011f\u0131r y\u00fcke kar\u015f\u0131 desteklenmi\u015ftir.<\/div>\n<div>&#8211; Her t\u00fcrl\u00fc ko\u015fulda mukavemetinin tam ve \u00f6mr\u00fcn\u00fcn uzun olmas\u0131 i\u00e7in iskeletin t\u00fcm destek noktalar\u0131 metal kutu profil\u2019den imal edilmi\u015ftir. T\u00fcm kesim i\u015flemleri standart \u00f6l\u00e7\u00fc ve i\u015f\u00e7ili\u011fi yakalamas\u0131 ad\u0131na CNC makinalarda i\u015flem g\u00f6rmektedir.<\/div>\n<div>&#8211; \u00dcr\u00fcn\u00fcm\u00fcz 2 y\u0131l garantilidir.<\/div>\n<div>&#8211; Bella koltuk tak\u0131m\u0131n\u0131, Bella yemek odas\u0131 ve yatak odas\u0131 ile kombine ederek, evinizde \u015f\u0131kl\u0131k ve b\u00fct\u00fcnl\u00fck olu\u015fturabilirsiniz.<\/div>\n<div>&#8211; Evlerinizdeki uyumsuz renk ve hatlardan kurtulman\u0131z\u0131 sa\u011flayan, \u00fcr\u00fcne \u00f6zel tasarlanan puf, \u00e7i\u00e7eklik ve sandalyesi ile \u00fcr\u00fcnler concept hale getirilmi\u015ftir. Bu sayede ya\u015fam alanlar\u0131n\u0131z daha uyumlu ve karma\u015fadan uzak bir mekana d\u00f6n\u00fc\u015fecektir.<\/div>\n<div>&#8211; \u00dcr\u00fcn\u00fcm\u00fcze web sitemiz \u00fczerinden yada size en yak\u0131n modalife ma\u011fazas\u0131ndan ula\u015fabilirsiniz.<\/div>\n<div>&#8211; Aksesuarlar dekor ama\u00e7l\u0131 kullan\u0131lm\u0131\u015ft\u0131r. Fiyata dahil de\u011fildir.<\/div>\n<div>\n\t\t<\/div>\n<div>Kuma\u015f Temizleme i\u015flemi i\u00e7in, mutlaka a\u015fa\u011f\u0131da belirtilen temizlik \u00f6nerilerine uyunuz.<\/div>\n<div>\n\t\t<\/div>\n<div><span style=\"font-weight: bold;\">Silerek Temizleme ve Leke \u00c7\u0131kart\u0131lmas\u0131:<\/span><\/div>\n<div>\n\t\t<\/div>\n<div>&#8211; Lekeyi olu\u015fturan bir s\u0131v\u0131 ise; d\u00f6k\u00fclen s\u0131v\u0131y\u0131 hemen ka\u011f\u0131t havlu veya emici bir bez ile lekenin yay\u0131lmamas\u0131 i\u00e7in b\u00f6lgeyi d\u0131\u015ftan i\u00e7e do\u011fru bast\u0131rmadan temizleyiniz.<\/div>\n<div>&#8211; 1\/4 \u00f6l\u00e7ek toz sabun ve 1 lt. \u0131l\u0131k su ile haz\u0131rlanm\u0131\u015f y\u0131kama \u00e7\u00f6zeltisi haz\u0131rlay\u0131n\u0131z.<\/div>\n<div>&#8211; Mikro fiber bez ile \u00e7\u00f6zeltinin k\u00f6p\u00fc\u011f\u00fcn\u00fc alarak kuma\u015f\u0131n y\u00fczeyini veya lekeli b\u00f6lgeyi fazla kuvvet uygulamadan siliniz.<\/div>\n<div>&#8211; \u0130nat\u00e7\u0131 lekeler i\u00e7in k\u00f6p\u00fc\u011f\u00fc 15 dakika kadar lekenin \u00fczerinde bekletiniz.<\/div>\n<div>&#8211; Hafif nemli mikro fiber bez ile t\u00fcm sabun kal\u0131nt\u0131lar\u0131 giderilinceye kadar durulay\u0131n\u0131z.<\/div>\n<div>\n\t\t<\/div>\n<\/div>\n<div>\n<table style=\"width: 576px;\">\n<tbody>\n<tr>\n<td style=\"border-style: solid; text-align: center;\"><span style=\"font-weight: bold;\">Bella Midi Koltuk Tak\u0131m\u0131<\/span><\/td>\n<td style=\"border-style: solid; text-align: center;\"><span style=\"font-weight: bold;\">Geni\u015flik&nbsp;<\/span><\/td>\n<td style=\"border-style: solid; text-align: center;\"><span style=\"font-weight: bold;\">Y\u00fckseklik<\/span><\/td>\n<td style=\"border-style: solid; text-align: center;\"><span style=\"font-weight: bold;\">Derinlik<\/span><\/td>\n<\/tr>\n<tr>\n<td style=\"border-style: solid; text-align: center;\"><span style=\"font-weight: bold;\">\u00dc\u00e7l\u00fc Koltuk<\/span><\/td>\n<td style=\"border-style: solid; text-align: center;\">&nbsp;223&nbsp;cm<\/td>\n<td style=\"border-style: solid; text-align: center;\">80&nbsp;cm&nbsp;<\/td>\n<td style=\"border-style: solid; text-align: center;\">94&nbsp;cm&nbsp;<\/td>\n<\/tr>\n<tr>\n<td style=\"border-style: solid; text-align: center;\"><span style=\"font-weight: bold;\">Berjer<\/span><\/td>\n<td style=\"border-style: solid; text-align: center;\">&nbsp;84&nbsp;cm<\/td>\n<td style=\"border-style: solid; text-align: center;\">107&nbsp;cm&nbsp;<\/td>\n<td style=\"border-style: solid; text-align: center;\">88&nbsp;cm&nbsp;<\/td>\n<\/tr>\n<\/tbody>\n<\/table>\n<p>\n\t<\/div>\n<p><iframe width='560' height='315' src='https:\/\/www.youtube.com\/embed\/SJg2-6qIBuc' title='YouTube video player' frameborder='0' allow='accelerometer; autoplay; clipboard-write; encrypted-media; gyroscope; picture-in-picture' allowfullscreen><\/iframe><br \/>\n<a href=\"https:\/\/www.modalife.com\/urun\/bella-midi-koltuk-takimi-mavi\"><strong>\u00dcr\u00fcne Git<\/strong><\/a><\/p>\n","protected":false},"excerpt":{"rendered":"<p>&#8211; Modern tasar\u0131m \u00e7izgisini dinamik detaylarla bulu\u015fturan Bella koltuk tak\u0131m\u0131, \u00e7a\u011fda\u015f dekorasyon anlay\u0131\u015f\u0131n\u0131n \u015f\u0131k bir \u00f6rne\u011fini sunmaktad\u0131r. -Tak\u0131m\u0131m\u0131z 2 adet 3\u2019l\u00fc koltuk 1 adet berjer\u2019den olu\u015fmaktad\u0131r.&nbsp; &#8211; \u00dc\u00e7l\u00fc koltuklar\u0131nda, s\u0131rt k\u0131sm\u0131n\u0131n 180 derece d\u00f6nebilmesini sa\u011flayan CSS mekanizmas\u0131 kullan\u0131lm\u0131\u015ft\u0131r, mekanizman\u0131n 180 derece d\u00f6nebilmesi sayesinde ister rahat geni\u015f bir oturum isterseniz de misafirlerinizi rahat\u00e7a a\u011f\u0131rlayabilece\u011finiz yatak mod\u00fcl\u00fcne [&hellip;]<\/p>\n","protected":false},"author":1,"featured_media":0,"comment_status":"closed","ping_status":"closed","sticky":false,"template":"","format":"standard","meta":[],"categories":[],"tags":[],"gutentor_comment":0,"_links":{"self":[{"href":"https:\/\/blog.modalife.click\/index.php?rest_route=\/wp\/v2\/posts\/3606"}],"collection":[{"href":"https:\/\/blog.modalife.click\/index.php?rest_route=\/wp\/v2\/posts"}],"about":[{"href":"https:\/\/blog.modalife.click\/index.php?rest_route=\/wp\/v2\/types\/post"}],"author":[{"embeddable":true,"href":"https:\/\/blog.modalife.click\/index.php?rest_route=\/wp\/v2\/users\/1"}],"replies":[{"embeddable":true,"href":"https:\/\/blog.modalife.click\/index.php?rest_route=%2Fwp%2Fv2%2Fcomments&post=3606"}],"version-history":[{"count":0,"href":"https:\/\/blog.modalife.click\/index.php?rest_route=\/wp\/v2\/posts\/3606\/revisions"}],"wp:attachment":[{"href":"https:\/\/blog.modalife.click\/index.php?rest_route=%2Fwp%2Fv2%2Fmedia&parent=3606"}],"wp:term":[{"taxonomy":"category","embeddable":true,"href":"https:\/\/blog.modalife.click\/index.php?rest_route=%2Fwp%2Fv2%2Fcategories&post=3606"},{"taxonomy":"post_tag","embeddable":true,"href":"https:\/\/blog.modalife.click\/index.php?rest_route=%2Fwp%2Fv2%2Ftags&post=3606"}],"curies":[{"name":"wp","href":"https:\/\/api.w.org\/{rel}","templated":true}]}}