{"id":3548,"date":"2021-05-02T02:37:50","date_gmt":"2021-05-01T23:37:50","guid":{"rendered":"http:\/\/blog.modalife.click\/?p=3548"},"modified":"2021-05-02T02:37:50","modified_gmt":"2021-05-01T23:37:50","slug":"laris-calisma-masasi-duvar-rafi","status":"publish","type":"post","link":"https:\/\/blog.modalife.click\/?p=3548","title":{"rendered":"Laris \u00c7al\u0131\u015fma Masas\u0131 + Duvar Raf\u0131"},"content":{"rendered":"<p><img src=\"https:\/\/st3.myideasoft.com\/shop\/bo\/48\/myassets\/products\/129\/laris-calisma-masasi-duvar-rafi.jpg?revision=1622904065\" alt=\"\" \/><\/p>\n<div>&#8211; Pratik mobilyan\u0131n adresi Modalife Mobilya!<\/div>\n<div>&#8211; Evinizin tamamlay\u0131c\u0131 \u00fcr\u00fcnlerini sizler i\u00e7in haz\u0131rlad\u0131k&#8230;<\/div>\n<div>&#8211; \u00dcr\u00fcnlerimiz siz m\u00fc\u015fterilerimizin g\u00fcnl\u00fck hayat\u0131ndaki ihtiya\u00e7lar\u0131n\u0131 en \u00fcst d\u00fczeyde kar\u015f\u0131layabilmesi i\u00e7in tasarlanm\u0131\u015ft\u0131r.<\/div>\n<div>&#8211; \u00dcr\u00fcnlerimiz kaliteden \u00f6d\u00fcn vermeden ergonomik bir \u015fekilde tasarlanm\u0131\u015ft\u0131r.<\/div>\n<div>&#8211; Modalife Mobilya, T\u00fcm T\u00fcketicileri Koruma Derne\u011fi taraf\u0131ndan &#8220;T\u00fcketicilere Tavsiye Edilen Marka&#8221; se\u00e7ilmi\u015ftir.<\/div>\n<div>&#8211; \u00dcr\u00fcnlerimizin geni\u015flik, derinlik ve y\u00fckseklik \u00f6l\u00e7\u00fclerini muadil \u00fcr\u00fcnlerle k\u0131yaslaman\u0131z\u0131 \u00f6neririz.<\/div>\n<div>&#8211; T\u00fcm \u00fcr\u00fcnlerimiz TSE Kalite Belgelerine sahiptir ve 2 y\u0131l garantilidir.<\/div>\n<div>&nbsp;<\/div>\n<div>\n<table style=\"border-collapse:collapse;width:100%;\">\n<tbody>\n<tr>\n<td style=\"text-align: center; border-width: 1px; border-style: solid;\"><span style=\"font-weight: bold;\">Laris<\/span><\/td>\n<td style=\"text-align: center; border-width: 1px; border-style: solid;\"><span style=\"font-weight: bold;\">Geni\u015flik<\/span><\/td>\n<td style=\"text-align: center; border-width: 1px; border-style: solid;\"><span style=\"font-weight: bold;\">Y\u00fckseklik<\/span><\/td>\n<td style=\"text-align: center; border-width: 1px; border-style: solid;\"><span style=\"font-weight: bold;\">Derinlik<\/span><\/td>\n<\/tr>\n<tr>\n<td style=\"text-align: center; border-width: 1px; border-style: solid;\">&nbsp;<span style=\"font-weight: bold;\">\u00c7al\u0131\u015fma Masas\u0131<\/span><\/td>\n<td style=\"text-align: center; border-width: 1px; border-style: solid;\">125 cm<\/td>\n<td style=\"text-align: center; border-width: 1px; border-style: solid;\">61 cm<\/td>\n<td style=\"text-align: center; border-width: 1px; border-style: solid;\">102 cm<\/td>\n<\/tr>\n<tr>\n<td style=\"text-align: center; border-width: 1px; border-style: solid;\">&nbsp;<span style=\"font-weight: bold;\">Duvar Raf\u0131<\/span><\/td>\n<td style=\"text-align: center; border-width: 1px; border-style: solid;\">125 cm<\/td>\n<td style=\"text-align: center; border-width: 1px; border-style: solid;\">23 cm<\/td>\n<td style=\"text-align: center; border-width: 1px; border-style: solid;\">24 cm<\/td>\n<\/tr>\n<\/tbody>\n<\/table>\n<\/div>\n<p><a href=\"https:\/\/www.modalife.com\/urun\/laris-calisma-masasi-duvar-rafi\"><strong>\u00dcr\u00fcne Git<\/strong><\/a><\/p>\n","protected":false},"excerpt":{"rendered":"<p>&#8211; Pratik mobilyan\u0131n adresi Modalife Mobilya! &#8211; Evinizin tamamlay\u0131c\u0131 \u00fcr\u00fcnlerini sizler i\u00e7in haz\u0131rlad\u0131k&#8230; &#8211; \u00dcr\u00fcnlerimiz siz m\u00fc\u015fterilerimizin g\u00fcnl\u00fck hayat\u0131ndaki ihtiya\u00e7lar\u0131n\u0131 en \u00fcst d\u00fczeyde kar\u015f\u0131layabilmesi i\u00e7in tasarlanm\u0131\u015ft\u0131r. &#8211; \u00dcr\u00fcnlerimiz kaliteden \u00f6d\u00fcn vermeden ergonomik bir \u015fekilde tasarlanm\u0131\u015ft\u0131r. &#8211; Modalife Mobilya, T\u00fcm T\u00fcketicileri Koruma Derne\u011fi taraf\u0131ndan &#8220;T\u00fcketicilere Tavsiye Edilen Marka&#8221; se\u00e7ilmi\u015ftir. &#8211; \u00dcr\u00fcnlerimizin geni\u015flik, derinlik ve y\u00fckseklik \u00f6l\u00e7\u00fclerini [&hellip;]<\/p>\n","protected":false},"author":1,"featured_media":0,"comment_status":"closed","ping_status":"closed","sticky":false,"template":"","format":"standard","meta":[],"categories":[],"tags":[],"gutentor_comment":0,"_links":{"self":[{"href":"https:\/\/blog.modalife.click\/index.php?rest_route=\/wp\/v2\/posts\/3548"}],"collection":[{"href":"https:\/\/blog.modalife.click\/index.php?rest_route=\/wp\/v2\/posts"}],"about":[{"href":"https:\/\/blog.modalife.click\/index.php?rest_route=\/wp\/v2\/types\/post"}],"author":[{"embeddable":true,"href":"https:\/\/blog.modalife.click\/index.php?rest_route=\/wp\/v2\/users\/1"}],"replies":[{"embeddable":true,"href":"https:\/\/blog.modalife.click\/index.php?rest_route=%2Fwp%2Fv2%2Fcomments&post=3548"}],"version-history":[{"count":0,"href":"https:\/\/blog.modalife.click\/index.php?rest_route=\/wp\/v2\/posts\/3548\/revisions"}],"wp:attachment":[{"href":"https:\/\/blog.modalife.click\/index.php?rest_route=%2Fwp%2Fv2%2Fmedia&parent=3548"}],"wp:term":[{"taxonomy":"category","embeddable":true,"href":"https:\/\/blog.modalife.click\/index.php?rest_route=%2Fwp%2Fv2%2Fcategories&post=3548"},{"taxonomy":"post_tag","embeddable":true,"href":"https:\/\/blog.modalife.click\/index.php?rest_route=%2Fwp%2Fv2%2Ftags&post=3548"}],"curies":[{"name":"wp","href":"https:\/\/api.w.org\/{rel}","templated":true}]}}